{"id":96743,"date":"2026-09-01T17:46:59","date_gmt":"2026-09-01T23:46:59","guid":{"rendered":"https:\/\/notiissa.mx\/?p=96743"},"modified":"2026-09-01T17:46:59","modified_gmt":"2026-09-01T23:46:59","slug":"afinan-el-emparrillado-para-la-temporada-de-aguilas-uach","status":"publish","type":"post","link":"https:\/\/notiissa.mx\/?p=96743","title":{"rendered":"Afinan el emparrillado para la temporada de \u00c1guilas UACh"},"content":{"rendered":"<p class=\"Sinespaciado\"><strong><span class=\"Sinespaciado\">* <\/span><span class=\"Sinespaciado\">Personal <\/span><span class=\"Sinespaciado\">de mantenimiento <\/span><span class=\"Sinespaciado\">de la Direcci\u00f3n de Deportes realiza trabajos de preparaci\u00f3n en el <\/span><span class=\"Sinespaciado\">terreno de juego<\/span><span class=\"Sinespaciado\"> previo al arranque de la Temporada 2026.<\/span><\/strong><\/p>\n<hr \/>\n<p class=\"Sinespaciado\"><span class=\"Sinespaciado\"><strong>Ciudad de Chihuahua.-<\/strong> Todo est\u00e1 listo para que el f\u00fatbol americano vuelva al Estadio Ol\u00edmpico Universitario<\/span> <span class=\"Sinespaciado\">(EOU)<\/span><span class=\"Sinespaciado\">, ya que e<\/span><span class=\"Sinespaciado\">ste viernes 4 de septiembre, las \u00c1guilas de la Universidad Aut\u00f3noma de Chihuahua (UACh) abrir\u00e1n su participaci\u00f3n en la Temporada 2026 de la Conferencia Nacional de la Organizaci\u00f3n Nacional Estudiantil de F\u00fatbol Americano (ONEFA) frente a los Lobos de la Universidad Aut\u00f3noma de Coahuila (UAdeC).<\/span><\/p>\n<p class=\"Sinespaciado\"><span class=\"Sinespaciado\">Mientras el equipo dirigido por Federico Landeros Rodr\u00edguez ajusta los \u00faltimos detalles de su preparaci\u00f3n, el personal de mantenimiento e infraestructura de la Direcci\u00f3n de Deportes, Actividades F\u00edsicas y Recreativas <\/span><span class=\"Sinespaciado\">de la UACh <\/span><span class=\"Sinespaciado\">trabaja en la puesta a punto del terreno de juego para recibir el primer encuentro oficial de la campa\u00f1a.<\/span><\/p>\n<p class=\"Sinespaciado\"><span class=\"Sinespaciado\">Entre las labores realizadas se encuentra el cepillado del campo de c\u00e9sped sint\u00e9tico, un procedimiento que permite retirar elementos extra\u00f1os acumulados en la superficie y redistribuir de manera uniforme el caucho utilizado como material de amortiguaci\u00f3n y protecci\u00f3n del terreno.<\/span> <span class=\"Sinespaciado\">El objetivo es que el emparrillado se encuentre en las mejores condiciones para el desarrollo del partido y para ofrecer a jugadores y aficionados un escenario acorde con la importancia del arranque de temporada.<\/span><\/p>\n<p class=\"Sinespaciado\"><span class=\"Sinespaciado\">El responsable de estos trabajos, Ing. Jorge Villa, destac\u00f3 la importancia de realizar este tipo de labores antes de cada <\/span><span class=\"Sinespaciado\">campa\u00f1a<\/span><span class=\"Sinespaciado\">:<\/span> <span class=\"Sinespaciado\">\u201c<\/span><span class=\"Sinespaciado\">e<\/span><span class=\"Sinespaciado\">l mantenimiento del campo es parte fundamental para que los equipos puedan desarrollar su actividad en condiciones adecuadas. Estamos trabajando en cada detalle para que el Estadio est\u00e9 listo para recibir a las \u00c1guilas en su primer partido de la temporada.\u201d<\/span><\/p>\n<p class=\"Sinespaciado\"><span class=\"Sinespaciado\">La jornada inaugural comenzar\u00e1 a las 17:30 horas con la ceremonia de apertura, que contempla la presentaci\u00f3n de los equipos de \u00c1guilas y Lobos, honores a la bandera y el mensaje de las autoridades universitarias. Posteriormente, en punto de las 18:00 horas, se dar\u00e1 la se\u00f1al de salida con el tradicional <\/span><span class=\"Sinespaciado\">\u201c<\/span><span class=\"Sinespaciado\">kick<\/span><span class=\"Sinespaciado\"> off<\/span><span class=\"Sinespaciado\">\u201d<\/span><span class=\"Sinespaciado\">.<\/span><\/p>\n<p class=\"Sinespaciado\">\n","protected":false},"excerpt":{"rendered":"<p>* Personal de mantenimiento de la Direcci\u00f3n de Deportes realiza trabajos de preparaci\u00f3n en el terreno de juego previo al arranque de la Temporada 2026. Ciudad de Chihuahua.- Todo est\u00e1 listo para que el f\u00fatbol americano vuelva al Estadio Ol\u00edmpico Universitario (EOU), ya que este viernes 4 de septiembre, las \u00c1guilas de la Universidad Aut\u00f3noma [&hellip;]<\/p>\n","protected":false},"author":1,"featured_media":96744,"comment_status":"closed","ping_status":"open","sticky":false,"template":"","format":"standard","meta":{"rop_custom_images_group":[],"rop_custom_messages_group":[],"rop_publish_now":"initial","rop_publish_now_accounts":[],"rop_publish_now_history":[],"rop_publish_now_status":"pending","footnotes":""},"categories":[67,72],"tags":[23],"class_list":["post-96743","post","type-post","status-publish","format-standard","has-post-thumbnail","hentry","category-ciudad","category-estado","tag-destacado"],"_links":{"self":[{"href":"https:\/\/notiissa.mx\/index.php?rest_route=\/wp\/v2\/posts\/96743","targetHints":{"allow":["GET"]}}],"collection":[{"href":"https:\/\/notiissa.mx\/index.php?rest_route=\/wp\/v2\/posts"}],"about":[{"href":"https:\/\/notiissa.mx\/index.php?rest_route=\/wp\/v2\/types\/post"}],"author":[{"embeddable":true,"href":"https:\/\/notiissa.mx\/index.php?rest_route=\/wp\/v2\/users\/1"}],"replies":[{"embeddable":true,"href":"https:\/\/notiissa.mx\/index.php?rest_route=%2Fwp%2Fv2%2Fcomments&post=96743"}],"version-history":[{"count":1,"href":"https:\/\/notiissa.mx\/index.php?rest_route=\/wp\/v2\/posts\/96743\/revisions"}],"predecessor-version":[{"id":96745,"href":"https:\/\/notiissa.mx\/index.php?rest_route=\/wp\/v2\/posts\/96743\/revisions\/96745"}],"wp:featuredmedia":[{"embeddable":true,"href":"https:\/\/notiissa.mx\/index.php?rest_route=\/wp\/v2\/media\/96744"}],"wp:attachment":[{"href":"https:\/\/notiissa.mx\/index.php?rest_route=%2Fwp%2Fv2%2Fmedia&parent=96743"}],"wp:term":[{"taxonomy":"category","embeddable":true,"href":"https:\/\/notiissa.mx\/index.php?rest_route=%2Fwp%2Fv2%2Fcategories&post=96743"},{"taxonomy":"post_tag","embeddable":true,"href":"https:\/\/notiissa.mx\/index.php?rest_route=%2Fwp%2Fv2%2Ftags&post=96743"}],"curies":[{"name":"wp","href":"https:\/\/api.w.org\/{rel}","templated":true}]}}