{"id":96740,"date":"2026-09-01T17:40:17","date_gmt":"2026-09-01T23:40:17","guid":{"rendered":"https:\/\/notiissa.mx\/?p=96740"},"modified":"2026-09-01T17:40:17","modified_gmt":"2026-09-01T23:40:17","slug":"irlanda-marquez-llama-al-dialogo-y-avanzar-en-agenda-legislativa","status":"publish","type":"post","link":"https:\/\/notiissa.mx\/2026\/09\/01\/irlanda-marquez-llama-al-dialogo-y-avanzar-en-agenda-legislativa\/","title":{"rendered":"Irlanda M\u00e1rquez llama al di\u00e1logo y avanzar en agenda legislativa"},"content":{"rendered":"<p>Chihuahua.- La diputada Irlanda M\u00e1rquez, integrante del Partido del Trabajo en el Congreso del Estado, expres\u00f3 su expectativa de que el nuevo periodo ordinario de sesiones se desarrolle en un ambiente de cordialidad, di\u00e1logo y disposici\u00f3n entre las distintas fuerzas pol\u00edticas, con el objetivo de alcanzar avances importantes en materia legislativa.<\/p>\n<p>En entrevista, la legisladora se\u00f1al\u00f3 que existe una agenda pendiente que requiere atenci\u00f3n por parte del Poder Legislativo, por lo que hizo un llamado a las y los diputados de los diferentes grupos parlamentarios a mantener una actitud de apertura y colaboraci\u00f3n que permita concretar los temas que a\u00fan se encuentran en proceso.<\/p>\n<p>\u201cTendremos mucho trabajo, hay muchas cosas pendientes, ojal\u00e1 en este periodo exista disposici\u00f3n de todos los partidos pol\u00edticos para poder sacar la agenda pendiente\u201d, manifest\u00f3.<br \/>\nIrlanda M\u00e1rquez destac\u00f3 que uno de los principales retos ser\u00e1 dar seguimiento a iniciativas relacionadas con la protecci\u00f3n de las mujeres y la atenci\u00f3n a las diferentes formas de violencia que afectan a las familias, particularmente aquellas que requieren ser reconocidas y atendidas de manera espec\u00edfica dentro del marco jur\u00eddico estatal.<\/p>\n<p>Entre los asuntos pendientes, mencion\u00f3 la necesidad de avanzar en la tipificaci\u00f3n de la violencia vicaria, una problem\u00e1tica que, se\u00f1al\u00f3, debe ser atendida desde el \u00e1mbito legislativo para brindar mayores herramientas de protecci\u00f3n y acceso a la justicia a quienes son v\u00edctimas de este tipo de violencia.<\/p>\n<p>La diputada del PT consider\u00f3 que el trabajo legislativo debe mantenerse como una prioridad, independientemente de las diferencias pol\u00edticas que puedan existir entre los distintos grupos parlamentarios, ya que el objetivo fundamental debe ser responder a las necesidades de la ciudadan\u00eda y generar mejores condiciones de protecci\u00f3n y bienestar para las familias chihuahuenses.<\/p>\n<p>Por otra parte, Irlanda M\u00e1rquez inform\u00f3 que, como representante del Partido del Trabajo, asumir\u00e1 durante este a\u00f1o de labores la responsabilidad de ocupar la Secretar\u00eda de la Mesa Directiva del Congreso del Estado.<\/p>\n<p>\u201cComo representante del PT asumiremos la responsabilidad de la Secretar\u00eda de la Mesa Directiva en este a\u00f1o de labores\u201d, se\u00f1al\u00f3.<br \/>\nM\u00e1rquez destac\u00f3 que formar parte de la Mesa Directiva representa una responsabilidad importante, al tratarse de un espacio fundamental para el desarrollo ordenado de las actividades del Poder Legislativo.<\/p>\n","protected":false},"excerpt":{"rendered":"<p>Chihuahua.- La diputada Irlanda M\u00e1rquez, integrante del Partido del Trabajo en el Congreso del Estado, expres\u00f3 su expectativa de que el nuevo periodo ordinario de sesiones se desarrolle en un ambiente de cordialidad, di\u00e1logo y disposici\u00f3n entre las distintas fuerzas pol\u00edticas, con el objetivo de alcanzar avances importantes en materia legislativa. En entrevista, la legisladora [&hellip;]<\/p>\n","protected":false},"author":1,"featured_media":96741,"comment_status":"closed","ping_status":"open","sticky":false,"template":"","format":"standard","meta":{"rop_custom_images_group":[],"rop_custom_messages_group":[],"rop_publish_now":"initial","rop_publish_now_accounts":[],"rop_publish_now_history":[],"rop_publish_now_status":"pending","footnotes":""},"categories":[67,72],"tags":[23],"class_list":["post-96740","post","type-post","status-publish","format-standard","has-post-thumbnail","hentry","category-ciudad","category-estado","tag-destacado"],"_links":{"self":[{"href":"https:\/\/notiissa.mx\/wp-json\/wp\/v2\/posts\/96740","targetHints":{"allow":["GET"]}}],"collection":[{"href":"https:\/\/notiissa.mx\/wp-json\/wp\/v2\/posts"}],"about":[{"href":"https:\/\/notiissa.mx\/wp-json\/wp\/v2\/types\/post"}],"author":[{"embeddable":true,"href":"https:\/\/notiissa.mx\/wp-json\/wp\/v2\/users\/1"}],"replies":[{"embeddable":true,"href":"https:\/\/notiissa.mx\/wp-json\/wp\/v2\/comments?post=96740"}],"version-history":[{"count":1,"href":"https:\/\/notiissa.mx\/wp-json\/wp\/v2\/posts\/96740\/revisions"}],"predecessor-version":[{"id":96742,"href":"https:\/\/notiissa.mx\/wp-json\/wp\/v2\/posts\/96740\/revisions\/96742"}],"wp:featuredmedia":[{"embeddable":true,"href":"https:\/\/notiissa.mx\/wp-json\/wp\/v2\/media\/96741"}],"wp:attachment":[{"href":"https:\/\/notiissa.mx\/wp-json\/wp\/v2\/media?parent=96740"}],"wp:term":[{"taxonomy":"category","embeddable":true,"href":"https:\/\/notiissa.mx\/wp-json\/wp\/v2\/categories?post=96740"},{"taxonomy":"post_tag","embeddable":true,"href":"https:\/\/notiissa.mx\/wp-json\/wp\/v2\/tags?post=96740"}],"curies":[{"name":"wp","href":"https:\/\/api.w.org\/{rel}","templated":true}]}}