{"id":96727,"date":"2026-09-01T13:29:31","date_gmt":"2026-09-01T19:29:31","guid":{"rendered":"https:\/\/notiissa.mx\/?p=96727"},"modified":"2026-09-01T13:29:31","modified_gmt":"2026-09-01T19:29:31","slug":"el-reto-en-el-27-que-no-entre-el-narco-al-estado-chavez","status":"publish","type":"post","link":"https:\/\/notiissa.mx\/?p=96727","title":{"rendered":"El reto en el 27, que no entre el narco al estado: Ch\u00e1vez"},"content":{"rendered":"<p><strong>Por Silvia Madrid A.<\/strong><\/p>\n<hr \/>\n<p><strong>Chihuahua.-<\/strong> El diputado Alfredo Ch\u00e1vez coordinador del PAN se mostr\u00f3 a favor de una alianza con el PRI, y sobre MC dijo que ser\u00e1n las dirigencias de los partidos las que dialoguen en torno a este tema.<\/p>\n<p>Mencion\u00f3 que lo importante es sumar, pero sobre todo con la sociedad civil, sector empresarial y dem\u00e1s sectores de la sociedad, pues el reto es evitar que el narco entre al estado.<\/p>\n<p>Y en el caso de una alianza agreg\u00f3 que ser\u00e1 Marco Bonilla el indiscutible abanderado pues ha dado resultados con su trabajo y as\u00ed lo dicen las encuestas, adem\u00e1s ha unido al panismo en torno a \u00e9l.<\/p>\n<p>Asegur\u00f3 Ch\u00e1vez que en el PAN hay un ambiente de unidad en todos los comit\u00e9s municipales.<\/p>\n<p>Sobre las encuestas de Morena dijo que no les dan miedo a los panistas pues la verdadera encuesta, que es la jornada electoral, es la que les ha dado el triunfo con mucha ventaja.<\/p>\n<p>Sobre la fiscal\u00eda aut\u00f3noma adelant\u00f3 que ser\u00e1 votada la iniciativa esta semana y mientras tanto siguen la b\u00fasqueda de acuerdos y espera que por acuerdo salga adelante pues se requiere mayor\u00eda calificada, 22 votos. \u00abYa se quit\u00f3 de esta iniciativa la reelecci\u00f3n para poder avanzar\u00bb.<\/p>\n<p>Finalmente dijo que no quiere que Chihuahua se convierta en Sinaloa y un fiscal aut\u00f3nomo fortalece la capacidad del ministerio p\u00fablico para tener una instituci\u00f3n que no permita que Chihuahua sea como Sinaloa, reiter\u00f3 Ch\u00e1vez Madrid.<\/p>\n","protected":false},"excerpt":{"rendered":"<p>Por Silvia Madrid A. Chihuahua.- El diputado Alfredo Ch\u00e1vez coordinador del PAN se mostr\u00f3 a favor de una alianza con el PRI, y sobre MC dijo que ser\u00e1n las dirigencias de los partidos las que dialoguen en torno a este tema. Mencion\u00f3 que lo importante es sumar, pero sobre todo con la sociedad civil, sector [&hellip;]<\/p>\n","protected":false},"author":1,"featured_media":96728,"comment_status":"closed","ping_status":"open","sticky":false,"template":"","format":"standard","meta":{"rop_custom_images_group":[],"rop_custom_messages_group":[],"rop_publish_now":"initial","rop_publish_now_accounts":[],"rop_publish_now_history":[],"rop_publish_now_status":"pending","footnotes":""},"categories":[67,72],"tags":[23],"class_list":["post-96727","post","type-post","status-publish","format-standard","has-post-thumbnail","hentry","category-ciudad","category-estado","tag-destacado"],"_links":{"self":[{"href":"https:\/\/notiissa.mx\/index.php?rest_route=\/wp\/v2\/posts\/96727","targetHints":{"allow":["GET"]}}],"collection":[{"href":"https:\/\/notiissa.mx\/index.php?rest_route=\/wp\/v2\/posts"}],"about":[{"href":"https:\/\/notiissa.mx\/index.php?rest_route=\/wp\/v2\/types\/post"}],"author":[{"embeddable":true,"href":"https:\/\/notiissa.mx\/index.php?rest_route=\/wp\/v2\/users\/1"}],"replies":[{"embeddable":true,"href":"https:\/\/notiissa.mx\/index.php?rest_route=%2Fwp%2Fv2%2Fcomments&post=96727"}],"version-history":[{"count":1,"href":"https:\/\/notiissa.mx\/index.php?rest_route=\/wp\/v2\/posts\/96727\/revisions"}],"predecessor-version":[{"id":96729,"href":"https:\/\/notiissa.mx\/index.php?rest_route=\/wp\/v2\/posts\/96727\/revisions\/96729"}],"wp:featuredmedia":[{"embeddable":true,"href":"https:\/\/notiissa.mx\/index.php?rest_route=\/wp\/v2\/media\/96728"}],"wp:attachment":[{"href":"https:\/\/notiissa.mx\/index.php?rest_route=%2Fwp%2Fv2%2Fmedia&parent=96727"}],"wp:term":[{"taxonomy":"category","embeddable":true,"href":"https:\/\/notiissa.mx\/index.php?rest_route=%2Fwp%2Fv2%2Fcategories&post=96727"},{"taxonomy":"post_tag","embeddable":true,"href":"https:\/\/notiissa.mx\/index.php?rest_route=%2Fwp%2Fv2%2Ftags&post=96727"}],"curies":[{"name":"wp","href":"https:\/\/api.w.org\/{rel}","templated":true}]}}