{"id":96718,"date":"2026-09-01T11:31:43","date_gmt":"2026-09-01T17:31:43","guid":{"rendered":"https:\/\/notiissa.mx\/?p=96718"},"modified":"2026-09-01T11:31:43","modified_gmt":"2026-09-01T17:31:43","slug":"invita-dspm-a-las-escuelas-a-sumarse-a-platicas-preventivas","status":"publish","type":"post","link":"https:\/\/notiissa.mx\/?p=96718","title":{"rendered":"Invita DSPM a las escuelas a sumarse a pl\u00e1ticas preventivas"},"content":{"rendered":"<p><strong>Ciudad de Chihuahua.-<\/strong> Como parte de las estrategias del Municipio para mantener la cercan\u00eda con la comunidad escolar y promover entornos seguros, la Direcci\u00f3n de Seguridad P\u00fablica Municipal invita a escuelas primarias, secundarias y preparatorias para que agenden pl\u00e1ticas preventivas para ese ciclo escolar que comienza.<\/p>\n<p>Estas pl\u00e1ticas est\u00e1n enfocadas a fortalecer la prevenci\u00f3n social y generar conciencia entre ni\u00f1as, ni\u00f1os y j\u00f3venes, sobre temas como internet y redes sociales, acoso escolar, vapeadores, justicia c\u00edvica, entre otros.<\/p>\n<p>Como parte de la calendarizaci\u00f3n, los integrantes del departamento de Prevenci\u00f3n de Escuelas, realiza visitas a los planteles, y promueven con el personal docente, los beneficios que pueden ofrecer las charlas en la convivencia y seguridad de la comunidad escolar.<\/p>\n<p>De igual manera se invita a las instituciones educativas que est\u00e9n interesadas en que se den estas platicas a sus alumnos, o recibir una visita del personal de Prevenci\u00f3n para conocer los detalles de la mismas, pueden acudir a Comandancia Sur o Norte y llevar un oficio dirigido al Comisario Maestro Julio Cesar Salas Gonz\u00e1les, director de Seguridad P\u00fablica Municipal, o bien comunicarse al tel\u00e9fono 614-429-60-00.<\/p>\n","protected":false},"excerpt":{"rendered":"<p>Ciudad de Chihuahua.- Como parte de las estrategias del Municipio para mantener la cercan\u00eda con la comunidad escolar y promover entornos seguros, la Direcci\u00f3n de Seguridad P\u00fablica Municipal invita a escuelas primarias, secundarias y preparatorias para que agenden pl\u00e1ticas preventivas para ese ciclo escolar que comienza. Estas pl\u00e1ticas est\u00e1n enfocadas a fortalecer la prevenci\u00f3n social [&hellip;]<\/p>\n","protected":false},"author":1,"featured_media":96719,"comment_status":"closed","ping_status":"open","sticky":false,"template":"","format":"standard","meta":{"rop_custom_images_group":[],"rop_custom_messages_group":[],"rop_publish_now":"initial","rop_publish_now_accounts":[],"rop_publish_now_history":[],"rop_publish_now_status":"pending","footnotes":""},"categories":[67,72],"tags":[23],"class_list":["post-96718","post","type-post","status-publish","format-standard","has-post-thumbnail","hentry","category-ciudad","category-estado","tag-destacado"],"_links":{"self":[{"href":"https:\/\/notiissa.mx\/index.php?rest_route=\/wp\/v2\/posts\/96718","targetHints":{"allow":["GET"]}}],"collection":[{"href":"https:\/\/notiissa.mx\/index.php?rest_route=\/wp\/v2\/posts"}],"about":[{"href":"https:\/\/notiissa.mx\/index.php?rest_route=\/wp\/v2\/types\/post"}],"author":[{"embeddable":true,"href":"https:\/\/notiissa.mx\/index.php?rest_route=\/wp\/v2\/users\/1"}],"replies":[{"embeddable":true,"href":"https:\/\/notiissa.mx\/index.php?rest_route=%2Fwp%2Fv2%2Fcomments&post=96718"}],"version-history":[{"count":1,"href":"https:\/\/notiissa.mx\/index.php?rest_route=\/wp\/v2\/posts\/96718\/revisions"}],"predecessor-version":[{"id":96720,"href":"https:\/\/notiissa.mx\/index.php?rest_route=\/wp\/v2\/posts\/96718\/revisions\/96720"}],"wp:featuredmedia":[{"embeddable":true,"href":"https:\/\/notiissa.mx\/index.php?rest_route=\/wp\/v2\/media\/96719"}],"wp:attachment":[{"href":"https:\/\/notiissa.mx\/index.php?rest_route=%2Fwp%2Fv2%2Fmedia&parent=96718"}],"wp:term":[{"taxonomy":"category","embeddable":true,"href":"https:\/\/notiissa.mx\/index.php?rest_route=%2Fwp%2Fv2%2Fcategories&post=96718"},{"taxonomy":"post_tag","embeddable":true,"href":"https:\/\/notiissa.mx\/index.php?rest_route=%2Fwp%2Fv2%2Ftags&post=96718"}],"curies":[{"name":"wp","href":"https:\/\/api.w.org\/{rel}","templated":true}]}}