{"id":96712,"date":"2026-09-01T10:27:46","date_gmt":"2026-09-01T16:27:46","guid":{"rendered":"https:\/\/notiissa.mx\/?p=96712"},"modified":"2026-09-01T10:27:46","modified_gmt":"2026-09-01T16:27:46","slug":"diputado-entrega-mas-de-1800-paquetes-de-utiles-escolares","status":"publish","type":"post","link":"https:\/\/notiissa.mx\/?p=96712","title":{"rendered":"Diputado entrega m\u00e1s de 1,800 paquetes de \u00fatiles escolares"},"content":{"rendered":"<p><strong>En Jim\u00e9nez, Chihuahua.<\/strong><\/p>\n<hr \/>\n<p><strong>Jim\u00e9nez, Chihuahua.-<\/strong> El diputado del Grupo Parlamentario del PAN, Arturo Zub\u00eda Fern\u00e1ndez, encabez\u00f3 la entrega de m\u00e1s de 1,800 paquetes de \u00fatiles escolares y mochilas a estudiantes de tres instituciones de educaci\u00f3n secundaria del municipio de Jim\u00e9nez.<\/p>\n<p>La jornada se llev\u00f3 a cabo con el apoyo de los Chalecos Azules y el personal de la Oficina de Enlace del diputado, quienes participaron directamente en la entrega de los apoyos a las familias y estudiantes.<\/p>\n<p>Los paquetes fueron entregados en la Secundaria T\u00e9cnica No. 36, Secundaria Federal Miguel \u00c1ngel L\u00f3pez y Secundaria Estatal 3036, como parte de un programa que busca contribuir a la econom\u00eda de las familias y garantizar que las y los estudiantes cuenten con las herramientas necesarias para comenzar sus actividades escolares.<\/p>\n<p>Arturo Zub\u00eda destac\u00f3 que la educaci\u00f3n es una de las principales herramientas para construir mejores oportunidades para las nuevas generaciones, por lo que reconoci\u00f3 el compromiso de la gobernadora Maru Campos para impulsar programas que representan un apoyo directo para las familias chihuahuenses.<\/p>\n<p>\u201cQueremos que ning\u00fan alumno se quede sin \u00fatiles para iniciar sus clases. Estos apoyos significan un respaldo para las familias y, sobre todo, una motivaci\u00f3n para nuestros j\u00f3venes para que contin\u00faen prepar\u00e1ndose\u201d, se\u00f1al\u00f3.<\/p>\n<p>&nbsp;<\/p>\n","protected":false},"excerpt":{"rendered":"<p>En Jim\u00e9nez, Chihuahua. Jim\u00e9nez, Chihuahua.- El diputado del Grupo Parlamentario del PAN, Arturo Zub\u00eda Fern\u00e1ndez, encabez\u00f3 la entrega de m\u00e1s de 1,800 paquetes de \u00fatiles escolares y mochilas a estudiantes de tres instituciones de educaci\u00f3n secundaria del municipio de Jim\u00e9nez. La jornada se llev\u00f3 a cabo con el apoyo de los Chalecos Azules y el [&hellip;]<\/p>\n","protected":false},"author":1,"featured_media":96713,"comment_status":"closed","ping_status":"open","sticky":false,"template":"","format":"standard","meta":{"rop_custom_images_group":[],"rop_custom_messages_group":[],"rop_publish_now":"initial","rop_publish_now_accounts":[],"rop_publish_now_history":[],"rop_publish_now_status":"pending","footnotes":""},"categories":[67,72],"tags":[23],"class_list":["post-96712","post","type-post","status-publish","format-standard","has-post-thumbnail","hentry","category-ciudad","category-estado","tag-destacado"],"_links":{"self":[{"href":"https:\/\/notiissa.mx\/index.php?rest_route=\/wp\/v2\/posts\/96712","targetHints":{"allow":["GET"]}}],"collection":[{"href":"https:\/\/notiissa.mx\/index.php?rest_route=\/wp\/v2\/posts"}],"about":[{"href":"https:\/\/notiissa.mx\/index.php?rest_route=\/wp\/v2\/types\/post"}],"author":[{"embeddable":true,"href":"https:\/\/notiissa.mx\/index.php?rest_route=\/wp\/v2\/users\/1"}],"replies":[{"embeddable":true,"href":"https:\/\/notiissa.mx\/index.php?rest_route=%2Fwp%2Fv2%2Fcomments&post=96712"}],"version-history":[{"count":1,"href":"https:\/\/notiissa.mx\/index.php?rest_route=\/wp\/v2\/posts\/96712\/revisions"}],"predecessor-version":[{"id":96714,"href":"https:\/\/notiissa.mx\/index.php?rest_route=\/wp\/v2\/posts\/96712\/revisions\/96714"}],"wp:featuredmedia":[{"embeddable":true,"href":"https:\/\/notiissa.mx\/index.php?rest_route=\/wp\/v2\/media\/96713"}],"wp:attachment":[{"href":"https:\/\/notiissa.mx\/index.php?rest_route=%2Fwp%2Fv2%2Fmedia&parent=96712"}],"wp:term":[{"taxonomy":"category","embeddable":true,"href":"https:\/\/notiissa.mx\/index.php?rest_route=%2Fwp%2Fv2%2Fcategories&post=96712"},{"taxonomy":"post_tag","embeddable":true,"href":"https:\/\/notiissa.mx\/index.php?rest_route=%2Fwp%2Fv2%2Ftags&post=96712"}],"curies":[{"name":"wp","href":"https:\/\/api.w.org\/{rel}","templated":true}]}}