{"id":96699,"date":"2026-08-31T18:05:58","date_gmt":"2026-09-01T00:05:58","guid":{"rendered":"https:\/\/notiissa.mx\/?p=96699"},"modified":"2026-08-31T18:05:58","modified_gmt":"2026-09-01T00:05:58","slug":"agradece-memo-la-oportunidad-de-trabajar-desde-la-presidencia","status":"publish","type":"post","link":"https:\/\/notiissa.mx\/?p=96699","title":{"rendered":"Agradece Memo la oportunidad de trabajar desde la presidencia"},"content":{"rendered":"<p><strong>Del Congreso con gratitud y reconocimiento a la instituci\u00f3n.<\/strong><\/p>\n<hr \/>\n<p><strong>El legislador destac\u00f3 el aprendizaje, los acuerdos y la responsabilidad de representar al Poder Legislativo.<\/strong><\/p>\n<hr \/>\n<p><strong>Chihuahua.-<\/strong> Al concluir su periodo al frente de la Presidencia del H. Congreso local, el diputado Guillermo \u201cMemo\u201d Ram\u00edrez expres\u00f3 su agradecimiento por la oportunidad de encabezar una de las instituciones fundamentales de Chihuahua y destac\u00f3 los aprendizajes que esta responsabilidad dej\u00f3 en su vida p\u00fablica.<\/p>\n<p>Ram\u00edrez se\u00f1al\u00f3 que presidir el Congreso fue uno de los mayores honores de su trayectoria y una experiencia que le permiti\u00f3 comprender que representar a un Poder no significa imponer una visi\u00f3n, sino escuchar, construir acuerdos y respetar las diferencias.<\/p>\n<p>Reconoci\u00f3 que durante este periodo se vivieron momentos complejos, debates intensos y distintas posiciones pol\u00edticas; sin embargo, afirm\u00f3 que siempre busc\u00f3 que la Presidencia del Congreso estuviera por encima de colores partidistas y que prevaleciera el respeto entre las distintas fuerzas pol\u00edticas.<\/p>\n<p>\u201cMe llevo una enorme gratitud. Presidir el Congreso de Chihuahua ha sido uno de los mayores honores de mi vida p\u00fablica. Me voy satisfecho, pero tambi\u00e9n consciente de que siempre queda algo por hacer.\u201d<\/p>\n<p>El legislador reconoci\u00f3 tambi\u00e9n a quienes participaron en los trabajos del Congreso durante su gesti\u00f3n y destac\u00f3 que las instituciones se fortalecen cuando existe disposici\u00f3n para dialogar y encontrar coincidencias aun en medio de las diferencias.<\/p>\n<p>Ante el pr\u00f3ximo relevo en la Presidencia, Ram\u00edrez dese\u00f3 \u00e9xito a Joss en la nueva encomienda y le expres\u00f3 su disposici\u00f3n para acompa\u00f1arla y apoyarla desde su experiencia.<\/p>\n<p>\u201cDesde esta posici\u00f3n se aprenden y comprenden muchas situaciones que, en el papel, son dif\u00edciles de visibilizar. A partir de ma\u00f1ana tendr\u00e1 Joss una may\u00fascula responsabilidad, y tendr\u00e1 tambi\u00e9n mi disponibilidad permanente para apoyarla a caminar en esta nueva encomienda.\u201d<\/p>\n<p>Finalmente, Guillermo Ram\u00edrez subray\u00f3 que los cargos son temporales, mientras que las instituciones permanecen y deben estar siempre por encima de las personas.<\/p>\n","protected":false},"excerpt":{"rendered":"<p>Del Congreso con gratitud y reconocimiento a la instituci\u00f3n. El legislador destac\u00f3 el aprendizaje, los acuerdos y la responsabilidad de representar al Poder Legislativo. Chihuahua.- Al concluir su periodo al frente de la Presidencia del H. Congreso local, el diputado Guillermo \u201cMemo\u201d Ram\u00edrez expres\u00f3 su agradecimiento por la oportunidad de encabezar una de las instituciones [&hellip;]<\/p>\n","protected":false},"author":1,"featured_media":96700,"comment_status":"closed","ping_status":"open","sticky":false,"template":"","format":"standard","meta":{"rop_custom_images_group":[],"rop_custom_messages_group":[],"rop_publish_now":"initial","rop_publish_now_accounts":[],"rop_publish_now_history":[],"rop_publish_now_status":"pending","footnotes":""},"categories":[67,72],"tags":[23],"class_list":["post-96699","post","type-post","status-publish","format-standard","has-post-thumbnail","hentry","category-ciudad","category-estado","tag-destacado"],"_links":{"self":[{"href":"https:\/\/notiissa.mx\/index.php?rest_route=\/wp\/v2\/posts\/96699","targetHints":{"allow":["GET"]}}],"collection":[{"href":"https:\/\/notiissa.mx\/index.php?rest_route=\/wp\/v2\/posts"}],"about":[{"href":"https:\/\/notiissa.mx\/index.php?rest_route=\/wp\/v2\/types\/post"}],"author":[{"embeddable":true,"href":"https:\/\/notiissa.mx\/index.php?rest_route=\/wp\/v2\/users\/1"}],"replies":[{"embeddable":true,"href":"https:\/\/notiissa.mx\/index.php?rest_route=%2Fwp%2Fv2%2Fcomments&post=96699"}],"version-history":[{"count":1,"href":"https:\/\/notiissa.mx\/index.php?rest_route=\/wp\/v2\/posts\/96699\/revisions"}],"predecessor-version":[{"id":96701,"href":"https:\/\/notiissa.mx\/index.php?rest_route=\/wp\/v2\/posts\/96699\/revisions\/96701"}],"wp:featuredmedia":[{"embeddable":true,"href":"https:\/\/notiissa.mx\/index.php?rest_route=\/wp\/v2\/media\/96700"}],"wp:attachment":[{"href":"https:\/\/notiissa.mx\/index.php?rest_route=%2Fwp%2Fv2%2Fmedia&parent=96699"}],"wp:term":[{"taxonomy":"category","embeddable":true,"href":"https:\/\/notiissa.mx\/index.php?rest_route=%2Fwp%2Fv2%2Fcategories&post=96699"},{"taxonomy":"post_tag","embeddable":true,"href":"https:\/\/notiissa.mx\/index.php?rest_route=%2Fwp%2Fv2%2Ftags&post=96699"}],"curies":[{"name":"wp","href":"https:\/\/api.w.org\/{rel}","templated":true}]}}