{"id":96696,"date":"2026-08-31T17:55:14","date_gmt":"2026-08-31T23:55:14","guid":{"rendered":"https:\/\/notiissa.mx\/?p=96696"},"modified":"2026-08-31T17:55:14","modified_gmt":"2026-08-31T23:55:14","slug":"reconoce-pri-capacidad-de-ramirez-como-pte-del-congreso","status":"publish","type":"post","link":"https:\/\/notiissa.mx\/?p=96696","title":{"rendered":"Reconoce PRI capacidad de Ram\u00edrez como Pte. del Congreso"},"content":{"rendered":"<p><strong>Arturo Medina destac\u00f3 que el diputado priista represent\u00f3 con dignidad al Congreso, a su Grupo Parlamentario y a las familias de Chihuahua.<\/strong><\/p>\n<hr \/>\n<p><strong>Chihuahua.-<\/strong> El coordinador del Grupo Parlamentario del PRI (GPPRI) en el Congreso local, Arturo Medina, reconoci\u00f3 el trabajo realizado por el diputado Guillermo \u201cMemo\u201d Ram\u00edrez al frente de la Presidencia del Poder Legislativo, y destac\u00f3 la institucionalidad, el di\u00e1logo y el respeto a la pluralidad que caracterizaron su gesti\u00f3n.<\/p>\n<p>Medina record\u00f3 que, despu\u00e9s de varios a\u00f1os en los que el PRI no ocupaba la Presidencia del Congreso, la llegada de Ram\u00edrez a esta responsabilidad permiti\u00f3 demostrar nuevamente la forma en que las y los priistas entienden el ejercicio de las instituciones.<\/p>\n<p>\u201cCon nuestro regreso a la Presidencia del Congreso a trav\u00e9s de Memo Ram\u00edrez, recordamos lo que nos distingue como priistas: la institucionalidad, el di\u00e1logo, el respeto a la pluralidad y la misi\u00f3n irrenunciable de poner a la gente en el centro de las decisiones\u201d, expres\u00f3.<\/p>\n<p>El coordinador parlamentario se\u00f1al\u00f3 que, durante esta etapa, Ram\u00edrez condujo los trabajos del Congreso privilegiando el entendimiento entre las distintas fuerzas pol\u00edticas y respetando la diversidad de posiciones que convergen en el Poder Legislativo.<\/p>\n<p>Destac\u00f3 que esa capacidad de di\u00e1logo permiti\u00f3 que la Presidencia del Congreso estuviera a la altura de la responsabilidad institucional que representa, por encima de diferencias partidistas y manteniendo como prioridad el inter\u00e9s de Chihuahua.<\/p>\n<p>\u201cHoy que concluye esta etapa, no tengo duda de que representaste dignamente a tu partido, a tu Grupo Parlamentario y, sobre todo, a las familias de Chihuahua. Felicidades, amigo, por el trabajo realizado y por demostrar que desde el PRI sabemos ejercer con responsabilidad las instituciones\u201d, concluy\u00f3 Medina.<\/p>\n","protected":false},"excerpt":{"rendered":"<p>Arturo Medina destac\u00f3 que el diputado priista represent\u00f3 con dignidad al Congreso, a su Grupo Parlamentario y a las familias de Chihuahua. Chihuahua.- El coordinador del Grupo Parlamentario del PRI (GPPRI) en el Congreso local, Arturo Medina, reconoci\u00f3 el trabajo realizado por el diputado Guillermo \u201cMemo\u201d Ram\u00edrez al frente de la Presidencia del Poder Legislativo, [&hellip;]<\/p>\n","protected":false},"author":1,"featured_media":96697,"comment_status":"closed","ping_status":"open","sticky":false,"template":"","format":"standard","meta":{"rop_custom_images_group":[],"rop_custom_messages_group":[],"rop_publish_now":"initial","rop_publish_now_accounts":[],"rop_publish_now_history":[],"rop_publish_now_status":"pending","footnotes":""},"categories":[67,72],"tags":[],"class_list":["post-96696","post","type-post","status-publish","format-standard","has-post-thumbnail","hentry","category-ciudad","category-estado"],"_links":{"self":[{"href":"https:\/\/notiissa.mx\/index.php?rest_route=\/wp\/v2\/posts\/96696","targetHints":{"allow":["GET"]}}],"collection":[{"href":"https:\/\/notiissa.mx\/index.php?rest_route=\/wp\/v2\/posts"}],"about":[{"href":"https:\/\/notiissa.mx\/index.php?rest_route=\/wp\/v2\/types\/post"}],"author":[{"embeddable":true,"href":"https:\/\/notiissa.mx\/index.php?rest_route=\/wp\/v2\/users\/1"}],"replies":[{"embeddable":true,"href":"https:\/\/notiissa.mx\/index.php?rest_route=%2Fwp%2Fv2%2Fcomments&post=96696"}],"version-history":[{"count":1,"href":"https:\/\/notiissa.mx\/index.php?rest_route=\/wp\/v2\/posts\/96696\/revisions"}],"predecessor-version":[{"id":96698,"href":"https:\/\/notiissa.mx\/index.php?rest_route=\/wp\/v2\/posts\/96696\/revisions\/96698"}],"wp:featuredmedia":[{"embeddable":true,"href":"https:\/\/notiissa.mx\/index.php?rest_route=\/wp\/v2\/media\/96697"}],"wp:attachment":[{"href":"https:\/\/notiissa.mx\/index.php?rest_route=%2Fwp%2Fv2%2Fmedia&parent=96696"}],"wp:term":[{"taxonomy":"category","embeddable":true,"href":"https:\/\/notiissa.mx\/index.php?rest_route=%2Fwp%2Fv2%2Fcategories&post=96696"},{"taxonomy":"post_tag","embeddable":true,"href":"https:\/\/notiissa.mx\/index.php?rest_route=%2Fwp%2Fv2%2Ftags&post=96696"}],"curies":[{"name":"wp","href":"https:\/\/api.w.org\/{rel}","templated":true}]}}