{"id":96687,"date":"2026-08-31T14:39:13","date_gmt":"2026-08-31T20:39:13","guid":{"rendered":"https:\/\/notiissa.mx\/?p=96687"},"modified":"2026-08-31T14:39:13","modified_gmt":"2026-08-31T20:39:13","slug":"participa-jaime-torres-en-el-inicio-del-ciclo-escolar","status":"publish","type":"post","link":"https:\/\/notiissa.mx\/?p=96687","title":{"rendered":"Participa Jaime Torres en el inicio del ciclo escolar"},"content":{"rendered":"<p><strong>Bocoyna, Chihuahua.-<\/strong> El diputado local por el Distrito 13 del Partido Acci\u00f3n Nacional, Jaime Torres Amaya, asisti\u00f3 al inicio oficial del Ciclo Escolar 2026-2027 en la Escuela Secundaria Estatal 26 y la Escuela Primaria Ni\u00f1os H\u00e9roes 2625, en San Juanito, municipio de Bocoyna.<\/p>\n<p>Torres Amaya destac\u00f3 que la educaci\u00f3n representa una de las mejores inversiones para el futuro de las ni\u00f1as, ni\u00f1os y j\u00f3venes, adem\u00e1s de reconocer el esfuerzo de docentes, padres de familia y estudiantes ante el inicio de un nuevo ciclo escolar.<\/p>\n<p>Durante su visita, tambi\u00e9n acompa\u00f1\u00f3 la entrega de \u00fatiles escolares por parte del Gobierno del Estado, acci\u00f3n que representa un apoyo para las familias y permite que los estudiantes cuenten con herramientas necesarias para sus actividades acad\u00e9micas.<\/p>\n<p>El legislador dese\u00f3 \u00e9xito a toda la comunidad estudiantil durante este nuevo ciclo y refrend\u00f3 su compromiso de continuar impulsando acciones que fortalezcan la educaci\u00f3n y generen mejores oportunidades para las nuevas generaciones.<\/p>\n","protected":false},"excerpt":{"rendered":"<p>Bocoyna, Chihuahua.- El diputado local por el Distrito 13 del Partido Acci\u00f3n Nacional, Jaime Torres Amaya, asisti\u00f3 al inicio oficial del Ciclo Escolar 2026-2027 en la Escuela Secundaria Estatal 26 y la Escuela Primaria Ni\u00f1os H\u00e9roes 2625, en San Juanito, municipio de Bocoyna. Torres Amaya destac\u00f3 que la educaci\u00f3n representa una de las mejores inversiones [&hellip;]<\/p>\n","protected":false},"author":1,"featured_media":96688,"comment_status":"closed","ping_status":"open","sticky":false,"template":"","format":"standard","meta":{"rop_custom_images_group":[],"rop_custom_messages_group":[],"rop_publish_now":"initial","rop_publish_now_accounts":[],"rop_publish_now_history":[],"rop_publish_now_status":"pending","footnotes":""},"categories":[67,72],"tags":[],"class_list":["post-96687","post","type-post","status-publish","format-standard","has-post-thumbnail","hentry","category-ciudad","category-estado"],"_links":{"self":[{"href":"https:\/\/notiissa.mx\/index.php?rest_route=\/wp\/v2\/posts\/96687","targetHints":{"allow":["GET"]}}],"collection":[{"href":"https:\/\/notiissa.mx\/index.php?rest_route=\/wp\/v2\/posts"}],"about":[{"href":"https:\/\/notiissa.mx\/index.php?rest_route=\/wp\/v2\/types\/post"}],"author":[{"embeddable":true,"href":"https:\/\/notiissa.mx\/index.php?rest_route=\/wp\/v2\/users\/1"}],"replies":[{"embeddable":true,"href":"https:\/\/notiissa.mx\/index.php?rest_route=%2Fwp%2Fv2%2Fcomments&post=96687"}],"version-history":[{"count":1,"href":"https:\/\/notiissa.mx\/index.php?rest_route=\/wp\/v2\/posts\/96687\/revisions"}],"predecessor-version":[{"id":96689,"href":"https:\/\/notiissa.mx\/index.php?rest_route=\/wp\/v2\/posts\/96687\/revisions\/96689"}],"wp:featuredmedia":[{"embeddable":true,"href":"https:\/\/notiissa.mx\/index.php?rest_route=\/wp\/v2\/media\/96688"}],"wp:attachment":[{"href":"https:\/\/notiissa.mx\/index.php?rest_route=%2Fwp%2Fv2%2Fmedia&parent=96687"}],"wp:term":[{"taxonomy":"category","embeddable":true,"href":"https:\/\/notiissa.mx\/index.php?rest_route=%2Fwp%2Fv2%2Fcategories&post=96687"},{"taxonomy":"post_tag","embeddable":true,"href":"https:\/\/notiissa.mx\/index.php?rest_route=%2Fwp%2Fv2%2Ftags&post=96687"}],"curies":[{"name":"wp","href":"https:\/\/api.w.org\/{rel}","templated":true}]}}