{"id":96684,"date":"2026-08-31T14:19:35","date_gmt":"2026-08-31T20:19:35","guid":{"rendered":"https:\/\/notiissa.mx\/?p=96684"},"modified":"2026-08-31T14:19:35","modified_gmt":"2026-08-31T20:19:35","slug":"inicia-el-ciclo-escolar-2026-2027","status":"publish","type":"post","link":"https:\/\/notiissa.mx\/?p=96684","title":{"rendered":"Inicia el ciclo escolar 2026-2027"},"content":{"rendered":"<p><strong>Chihuahua.-<\/strong> La gobernadora Maru Campos encabez\u00f3 la ceremonia oficial de inicio del ciclo escolar 2026-2027 del nivel B\u00e1sico, realizada en la Escuela Primaria Federal \u201cPedro Leal Rodr\u00edguez\u201d, en la ciudad de Chihuahua.<\/p>\n<p>En su mensaje de bienvenida a las y los estudiantes, la mandataria les invit\u00f3 a aprovechar esta etapa de aprendizaje y formaci\u00f3n.<\/p>\n<p>\u201cNo dejen de tener esperanza, no dejen de so\u00f1ar, porque los sue\u00f1os grandes son los que cambian la vida de las personas y de las familias\u201d, a\u00f1adi\u00f3 tras contar al alumnado la historia de vida del doctor Pedro Leal, cuyo nombre identifica al plantel.<\/p>\n<p>Adem\u00e1s refrend\u00f3 el compromiso de su Gobierno, para continuar con acciones que fortalezcan la educaci\u00f3n y contribuyan a mejorar las condiciones de las escuelas.<\/p>\n<p>Durante el evento la titular del Ejecutivo presidi\u00f3 la entrega simb\u00f3lica de paquetes de \u00fatiles escolares a estudiantes del Jard\u00edn de Ni\u00f1os Estatal \u201cMariano Valenzuela\u201d, de la Primaria \u201cPedro Leal Rodr\u00edguez\u201d, de la Secundaria Estatal No. 3085 y de la Telesecundaria Federal \u201cElisa Griensen\u201d. Tambi\u00e9n se entreg\u00f3 una butaca adaptada a un alumno con discapacidad.<\/p>\n<p>Posteriormente realiz\u00f3 la declaratoria oficial y el tradicional toque del timbre, con el que dio inicio formal al nuevo ciclo escolar e interactu\u00f3 con las ni\u00f1as y ni\u00f1os del plantel, de los cuales.<\/p>\n<p>La directora del plantel, Blanca Estela Esparza, reconoci\u00f3 las acciones realizadas para mejorar las condiciones de la escuela y brindarles el apoyo para contar con instalaciones dignas, seguras y equipadas.<\/p>\n<p>En representaci\u00f3n de las y los alumnos, la ni\u00f1a Carolina Acosta V\u00e1zquez agradeci\u00f3 a la mandataria por pensar en ellos y darles las herramientas para construir sus sue\u00f1os.<\/p>\n<p>En el evento estuvieron presentes el alcalde de Chihuahua, Marco Bonilla; el subsecretario de Educaci\u00f3n Media Superior, Guillermo M\u00e1rquez y el titular de la Oficina de Enlace Educativo de la Secretar\u00eda de Educaci\u00f3n P\u00fablica, Ulises Garc\u00eda Soto.<\/p>\n<p>Adem\u00e1s acudieron los secretarios generales de las secciones 8 y 42 del Sindicato Nacional de Trabajadores de la Educaci\u00f3n, Eduardo Zendejas Ampar\u00e1n y Manuel Quiroz Carbajal, respectivamente.<\/p>\n","protected":false},"excerpt":{"rendered":"<p>Chihuahua.- La gobernadora Maru Campos encabez\u00f3 la ceremonia oficial de inicio del ciclo escolar 2026-2027 del nivel B\u00e1sico, realizada en la Escuela Primaria Federal \u201cPedro Leal Rodr\u00edguez\u201d, en la ciudad de Chihuahua. En su mensaje de bienvenida a las y los estudiantes, la mandataria les invit\u00f3 a aprovechar esta etapa de aprendizaje y formaci\u00f3n. \u201cNo [&hellip;]<\/p>\n","protected":false},"author":1,"featured_media":96685,"comment_status":"closed","ping_status":"open","sticky":false,"template":"","format":"standard","meta":{"rop_custom_images_group":[],"rop_custom_messages_group":[],"rop_publish_now":"initial","rop_publish_now_accounts":[],"rop_publish_now_history":[],"rop_publish_now_status":"pending","footnotes":""},"categories":[67,64,72],"tags":[],"class_list":["post-96684","post","type-post","status-publish","format-standard","has-post-thumbnail","hentry","category-ciudad","category-educacion","category-estado"],"_links":{"self":[{"href":"https:\/\/notiissa.mx\/index.php?rest_route=\/wp\/v2\/posts\/96684","targetHints":{"allow":["GET"]}}],"collection":[{"href":"https:\/\/notiissa.mx\/index.php?rest_route=\/wp\/v2\/posts"}],"about":[{"href":"https:\/\/notiissa.mx\/index.php?rest_route=\/wp\/v2\/types\/post"}],"author":[{"embeddable":true,"href":"https:\/\/notiissa.mx\/index.php?rest_route=\/wp\/v2\/users\/1"}],"replies":[{"embeddable":true,"href":"https:\/\/notiissa.mx\/index.php?rest_route=%2Fwp%2Fv2%2Fcomments&post=96684"}],"version-history":[{"count":1,"href":"https:\/\/notiissa.mx\/index.php?rest_route=\/wp\/v2\/posts\/96684\/revisions"}],"predecessor-version":[{"id":96686,"href":"https:\/\/notiissa.mx\/index.php?rest_route=\/wp\/v2\/posts\/96684\/revisions\/96686"}],"wp:featuredmedia":[{"embeddable":true,"href":"https:\/\/notiissa.mx\/index.php?rest_route=\/wp\/v2\/media\/96685"}],"wp:attachment":[{"href":"https:\/\/notiissa.mx\/index.php?rest_route=%2Fwp%2Fv2%2Fmedia&parent=96684"}],"wp:term":[{"taxonomy":"category","embeddable":true,"href":"https:\/\/notiissa.mx\/index.php?rest_route=%2Fwp%2Fv2%2Fcategories&post=96684"},{"taxonomy":"post_tag","embeddable":true,"href":"https:\/\/notiissa.mx\/index.php?rest_route=%2Fwp%2Fv2%2Ftags&post=96684"}],"curies":[{"name":"wp","href":"https:\/\/api.w.org\/{rel}","templated":true}]}}