{"id":96672,"date":"2026-08-31T13:10:55","date_gmt":"2026-08-31T19:10:55","guid":{"rendered":"https:\/\/notiissa.mx\/?p=96672"},"modified":"2026-08-31T13:10:55","modified_gmt":"2026-08-31T19:10:55","slug":"consejo-de-nna-define-temas-prioritarios-para-mejorar-su-entorno","status":"publish","type":"post","link":"https:\/\/notiissa.mx\/?p=96672","title":{"rendered":"Consejo de NNA define temas prioritarios para mejorar su entorno"},"content":{"rendered":"<p><strong>La Regidora destac\u00f3 la importancia de escuchar y tomar en cuenta las voces de las nuevas generaciones.<\/strong><\/p>\n<hr \/>\n<p><strong>Ciudad de Chihuahua.-<\/strong> El Consejo Municipal de Ni\u00f1as, Ni\u00f1os y Adolescentes llev\u00f3 a cabo su tercera sesi\u00f3n ordinaria, en la cual se llevaron a cabo mesas de trabajo para identificar y priorizar los temas que m\u00e1s les interesan y preocupan a sus integrantes, con el objetivo de que en pr\u00f3ximas sesiones puedan elaborar propuestas y plantear soluciones desde su perspectiva.<\/p>\n<p>En representaci\u00f3n del alcalde Marco Bonilla Mendoza, presidente de este Consejo, la regidora Isela Mart\u00ednez D\u00edaz destac\u00f3 el compromiso de esta administraci\u00f3n Municipal con la generaci\u00f3n de espacios de participaci\u00f3n, particularmente para que ni\u00f1as, ni\u00f1os y adolescentes puedan expresar sus ideas, necesidades y puntos de vista.<\/p>\n<p>\u201cEs muy importante que las ni\u00f1as, ni\u00f1os y adolescentes tengan un espacio donde puedan ser escuchados, expresar lo que les preocupa y decirnos qu\u00e9 quieren para su ciudad. Sus ideas y su visi\u00f3n tambi\u00e9n deben ser tomadas en cuenta en las decisiones que construyen el Chihuahua que queremos\u201d, se\u00f1al\u00f3.<\/p>\n<p>Durante las mesas de trabajo, las y los integrantes del Consejo definieron como cuatro temas prioritarios: el derecho a una vida libre de violencia; el derecho a la vida, supervivencia y desarrollo; el derecho a la inclusi\u00f3n; y el derecho a un medio ambiente sano.<\/p>\n<p>Adem\u00e1s, expresaron inquietudes y propuestas relacionadas con protecci\u00f3n animal, educaci\u00f3n y seguridad, alumbrado y servicios p\u00fablicos, seguridad vial y movilidad, parques, protecci\u00f3n de ni\u00f1as y ni\u00f1os, bullying, cultura, obras e inclusi\u00f3n.<\/p>\n<p>Isela Mart\u00ednez resalt\u00f3 que este ejercicio permite conocer de primera mano las necesidades e inquietudes de las nuevas generaciones y fortalece una cultura de participaci\u00f3n ciudadana desde temprana edad, al reconocer a ni\u00f1as, ni\u00f1os y adolescentes como parte activa de la construcci\u00f3n de una mejor ciudad.<\/p>\n<p>Durante la sesi\u00f3n tambi\u00e9n se realiz\u00f3 la integraci\u00f3n de la regidora Alma Cristina Trevi\u00f1o Olivas como vocal del Consejo, quien se sumar\u00e1 a los trabajos de este \u00f3rgano para fortalecer la participaci\u00f3n de este sector de la poblaci\u00f3n.<\/p>\n<p>&nbsp;<\/p>\n","protected":false},"excerpt":{"rendered":"<p>La Regidora destac\u00f3 la importancia de escuchar y tomar en cuenta las voces de las nuevas generaciones. Ciudad de Chihuahua.- El Consejo Municipal de Ni\u00f1as, Ni\u00f1os y Adolescentes llev\u00f3 a cabo su tercera sesi\u00f3n ordinaria, en la cual se llevaron a cabo mesas de trabajo para identificar y priorizar los temas que m\u00e1s les interesan [&hellip;]<\/p>\n","protected":false},"author":1,"featured_media":96673,"comment_status":"closed","ping_status":"open","sticky":false,"template":"","format":"standard","meta":{"rop_custom_images_group":[],"rop_custom_messages_group":[],"rop_publish_now":"initial","rop_publish_now_accounts":[],"rop_publish_now_history":[],"rop_publish_now_status":"pending","footnotes":""},"categories":[67,72],"tags":[23],"class_list":["post-96672","post","type-post","status-publish","format-standard","has-post-thumbnail","hentry","category-ciudad","category-estado","tag-destacado"],"_links":{"self":[{"href":"https:\/\/notiissa.mx\/index.php?rest_route=\/wp\/v2\/posts\/96672","targetHints":{"allow":["GET"]}}],"collection":[{"href":"https:\/\/notiissa.mx\/index.php?rest_route=\/wp\/v2\/posts"}],"about":[{"href":"https:\/\/notiissa.mx\/index.php?rest_route=\/wp\/v2\/types\/post"}],"author":[{"embeddable":true,"href":"https:\/\/notiissa.mx\/index.php?rest_route=\/wp\/v2\/users\/1"}],"replies":[{"embeddable":true,"href":"https:\/\/notiissa.mx\/index.php?rest_route=%2Fwp%2Fv2%2Fcomments&post=96672"}],"version-history":[{"count":1,"href":"https:\/\/notiissa.mx\/index.php?rest_route=\/wp\/v2\/posts\/96672\/revisions"}],"predecessor-version":[{"id":96674,"href":"https:\/\/notiissa.mx\/index.php?rest_route=\/wp\/v2\/posts\/96672\/revisions\/96674"}],"wp:featuredmedia":[{"embeddable":true,"href":"https:\/\/notiissa.mx\/index.php?rest_route=\/wp\/v2\/media\/96673"}],"wp:attachment":[{"href":"https:\/\/notiissa.mx\/index.php?rest_route=%2Fwp%2Fv2%2Fmedia&parent=96672"}],"wp:term":[{"taxonomy":"category","embeddable":true,"href":"https:\/\/notiissa.mx\/index.php?rest_route=%2Fwp%2Fv2%2Fcategories&post=96672"},{"taxonomy":"post_tag","embeddable":true,"href":"https:\/\/notiissa.mx\/index.php?rest_route=%2Fwp%2Fv2%2Ftags&post=96672"}],"curies":[{"name":"wp","href":"https:\/\/api.w.org\/{rel}","templated":true}]}}