{"id":96653,"date":"2026-08-31T11:01:45","date_gmt":"2026-08-31T17:01:45","guid":{"rendered":"https:\/\/notiissa.mx\/?p=96653"},"modified":"2026-08-31T11:01:45","modified_gmt":"2026-08-31T17:01:45","slug":"uach-sede-de-jornadas-de-ciberseguridad","status":"publish","type":"post","link":"https:\/\/notiissa.mx\/?p=96653","title":{"rendered":"UACH, sede de Jornadas de Ciberseguridad"},"content":{"rendered":"<p><strong>Por Silvia Madrid A.<\/strong><\/p>\n<hr \/>\n<p>La Universidad Aut\u00f3noma de Chihuahua ser\u00e1 sede de las Jornadas de Ciberseguridad del 21 al 25 de septiembre y que reunir\u00e1 a m\u00e1s de 50 universidades del pa\u00eds, m\u00e1s de 15 empresas l\u00edderes en ciberseguridad, y organismos afines nacionales e internacionales.<\/p>\n<p>Participan expositores e invitados de Uruguay, Costa Rica, Colombia, Panam\u00e1, Chile, Brasil, Ecuador y otros pa\u00edses.<\/p>\n<p>Los objetivos son la prevenci\u00f3n de ciberataques, la protecci\u00f3n de datos que manejan las instituciones y la concientizaci\u00f3n sobre la ciberseguridad; por eso tambi\u00e9n se anunci\u00f3 el Diplomado de Ciberseguridad que cada a\u00f1o se imparte y es el m\u00e1s reconocido acad\u00e9micamente del pa\u00eds y de Am\u00e9rica Latina.<\/p>\n<p>En las jornadas habr\u00e1 talleres y sesiones de trabajo a cargo de expertos; no tienen costo solo hay que registrarse en cudi.ru.mx.<\/p>\n<p>El rector Luis Alfonso Rivera comento que ya se han inscrito m\u00e1s de 300 participantes en est\u00e1s jornadas para ponerse al d\u00eda contra ciberataques, que se dan por millones diariamente, sobre todo procedentes de Asia, Norteam\u00e9rica y Sudam\u00e9rica.<\/p>\n","protected":false},"excerpt":{"rendered":"<p>Por Silvia Madrid A. La Universidad Aut\u00f3noma de Chihuahua ser\u00e1 sede de las Jornadas de Ciberseguridad del 21 al 25 de septiembre y que reunir\u00e1 a m\u00e1s de 50 universidades del pa\u00eds, m\u00e1s de 15 empresas l\u00edderes en ciberseguridad, y organismos afines nacionales e internacionales. Participan expositores e invitados de Uruguay, Costa Rica, Colombia, Panam\u00e1, [&hellip;]<\/p>\n","protected":false},"author":1,"featured_media":96654,"comment_status":"closed","ping_status":"open","sticky":false,"template":"","format":"standard","meta":{"rop_custom_images_group":[],"rop_custom_messages_group":[],"rop_publish_now":"initial","rop_publish_now_accounts":[],"rop_publish_now_history":[],"rop_publish_now_status":"pending","footnotes":""},"categories":[67,72],"tags":[23],"class_list":["post-96653","post","type-post","status-publish","format-standard","has-post-thumbnail","hentry","category-ciudad","category-estado","tag-destacado"],"_links":{"self":[{"href":"https:\/\/notiissa.mx\/index.php?rest_route=\/wp\/v2\/posts\/96653","targetHints":{"allow":["GET"]}}],"collection":[{"href":"https:\/\/notiissa.mx\/index.php?rest_route=\/wp\/v2\/posts"}],"about":[{"href":"https:\/\/notiissa.mx\/index.php?rest_route=\/wp\/v2\/types\/post"}],"author":[{"embeddable":true,"href":"https:\/\/notiissa.mx\/index.php?rest_route=\/wp\/v2\/users\/1"}],"replies":[{"embeddable":true,"href":"https:\/\/notiissa.mx\/index.php?rest_route=%2Fwp%2Fv2%2Fcomments&post=96653"}],"version-history":[{"count":1,"href":"https:\/\/notiissa.mx\/index.php?rest_route=\/wp\/v2\/posts\/96653\/revisions"}],"predecessor-version":[{"id":96655,"href":"https:\/\/notiissa.mx\/index.php?rest_route=\/wp\/v2\/posts\/96653\/revisions\/96655"}],"wp:featuredmedia":[{"embeddable":true,"href":"https:\/\/notiissa.mx\/index.php?rest_route=\/wp\/v2\/media\/96654"}],"wp:attachment":[{"href":"https:\/\/notiissa.mx\/index.php?rest_route=%2Fwp%2Fv2%2Fmedia&parent=96653"}],"wp:term":[{"taxonomy":"category","embeddable":true,"href":"https:\/\/notiissa.mx\/index.php?rest_route=%2Fwp%2Fv2%2Fcategories&post=96653"},{"taxonomy":"post_tag","embeddable":true,"href":"https:\/\/notiissa.mx\/index.php?rest_route=%2Fwp%2Fv2%2Ftags&post=96653"}],"curies":[{"name":"wp","href":"https:\/\/api.w.org\/{rel}","templated":true}]}}