{"id":96643,"date":"2026-08-30T17:39:54","date_gmt":"2026-08-30T23:39:54","guid":{"rendered":"https:\/\/notiissa.mx\/?p=96643"},"modified":"2026-08-30T17:39:54","modified_gmt":"2026-08-30T23:39:54","slug":"estrada-destaca-acuerdo-plural-para-integrar-mesa-directiva","status":"publish","type":"post","link":"https:\/\/notiissa.mx\/?p=96643","title":{"rendered":"Estrada destaca acuerdo plural para integrar Mesa Directiva"},"content":{"rendered":"<p><strong>Del tercer a\u00f1o legislativo.<\/strong><\/p>\n<hr \/>\n<p>Chihuahua.- El presidente de la Junta de Coordinaci\u00f3n Pol\u00edtica (JUCOPO), Cuauht\u00e9moc Estrada Sotelo (MORENA), destac\u00f3 el acuerdo alcanzado entre las distintas fuerzas pol\u00edticas del Congreso del Estado para integrar la Mesa Directiva que conducir\u00e1 los trabajos legislativos durante el tercer a\u00f1o de ejercicio constitucional.<\/p>\n<p>Estrada Sotelo se\u00f1al\u00f3 que la conformaci\u00f3n de la Mesa Directiva es resultado del di\u00e1logo entre las diferentes representaciones parlamentarias y de la voluntad de construir coincidencias, aun frente a las diferencias pol\u00edticas que existen dentro del Congreso.<\/p>\n<p>\u201cLas decisiones sobre la conducci\u00f3n del Congreso deben ser producto del di\u00e1logo y de acuerdos entre las distintas fuerzas pol\u00edticas. Esa es la responsabilidad que tenemos: encontrar coincidencias y garantizar que el Poder Legislativo funcione poniendo por delante el inter\u00e9s p\u00fablico\u201d, sostuvo.<\/p>\n<p>El acuerdo establece que la Mesa Directiva ser\u00e1 encabezada por Joceline Vega Vargas, del PAN.<br \/>\nLa integraci\u00f3n queda de la siguiente manera:<br \/>\n* Presidencia: Joceline Vega Vargas \u2014 PAN<br \/>\n* Primera Vicepresidencia: Magdalena Renter\u00eda P\u00e9rez \u2014 morena<br \/>\n* Segunda Vicepresidencia: Francisco A. S\u00e1nchez Villegas \u2014 MC<br \/>\n* Primera Secretar\u00eda: Irlanda Dominique M\u00e1rquez Nolasco \u2014 PT<br \/>\n* Segunda Secretar\u00eda: Pedro Torres Estrada \u2014 morena<br \/>\n* Primera Prosecretar\u00eda: Edna X\u00f3chitl Contreras Herrera \u2014 PAN<br \/>\n* Segunda Prosecretar\u00eda: Jos\u00e9 Luis Villalobos Garc\u00eda \u2014 PRI<br \/>\n* Tercera Prosecretar\u00eda: Jaime Torres Amaya \u2014 PAN<br \/>\n* Cuarta Prosecretar\u00eda: Jael Arg\u00fcelles D\u00edaz \u2014 morena<\/p>\n<p>El coordinador parlamentario de morena subray\u00f3 que la integraci\u00f3n refleja la composici\u00f3n diversa del Congreso y permite que cada fuerza pol\u00edtica participe en la conducci\u00f3n de los trabajos legislativos desde la responsabilidad que le corresponde.<\/p>\n<p>\u201cEn un Congreso plural, alcanzar acuerdos requiere escuchar y encontrar puntos de coincidencia. Lo importante es que las diferencias no impidan que el Legislativo cumpla con su funci\u00f3n\u201d, afirm\u00f3 Estrada Sotelo.<\/p>\n<p>El presidente de la JUCOPO agreg\u00f3 que el acuerdo permitir\u00e1 dar continuidad a la agenda legislativa y fortalecer una conducci\u00f3n institucional sustentada en el di\u00e1logo, el respeto entre las distintas expresiones parlamentarias y la b\u00fasqueda de resultados para la ciudadan\u00eda.<\/p>\n","protected":false},"excerpt":{"rendered":"<p>Del tercer a\u00f1o legislativo. Chihuahua.- El presidente de la Junta de Coordinaci\u00f3n Pol\u00edtica (JUCOPO), Cuauht\u00e9moc Estrada Sotelo (MORENA), destac\u00f3 el acuerdo alcanzado entre las distintas fuerzas pol\u00edticas del Congreso del Estado para integrar la Mesa Directiva que conducir\u00e1 los trabajos legislativos durante el tercer a\u00f1o de ejercicio constitucional. Estrada Sotelo se\u00f1al\u00f3 que la conformaci\u00f3n de [&hellip;]<\/p>\n","protected":false},"author":1,"featured_media":96644,"comment_status":"closed","ping_status":"open","sticky":false,"template":"","format":"standard","meta":{"rop_custom_images_group":[],"rop_custom_messages_group":[],"rop_publish_now":"initial","rop_publish_now_accounts":[],"rop_publish_now_history":[],"rop_publish_now_status":"pending","footnotes":""},"categories":[67,72],"tags":[23],"class_list":["post-96643","post","type-post","status-publish","format-standard","has-post-thumbnail","hentry","category-ciudad","category-estado","tag-destacado"],"_links":{"self":[{"href":"https:\/\/notiissa.mx\/index.php?rest_route=\/wp\/v2\/posts\/96643","targetHints":{"allow":["GET"]}}],"collection":[{"href":"https:\/\/notiissa.mx\/index.php?rest_route=\/wp\/v2\/posts"}],"about":[{"href":"https:\/\/notiissa.mx\/index.php?rest_route=\/wp\/v2\/types\/post"}],"author":[{"embeddable":true,"href":"https:\/\/notiissa.mx\/index.php?rest_route=\/wp\/v2\/users\/1"}],"replies":[{"embeddable":true,"href":"https:\/\/notiissa.mx\/index.php?rest_route=%2Fwp%2Fv2%2Fcomments&post=96643"}],"version-history":[{"count":1,"href":"https:\/\/notiissa.mx\/index.php?rest_route=\/wp\/v2\/posts\/96643\/revisions"}],"predecessor-version":[{"id":96645,"href":"https:\/\/notiissa.mx\/index.php?rest_route=\/wp\/v2\/posts\/96643\/revisions\/96645"}],"wp:featuredmedia":[{"embeddable":true,"href":"https:\/\/notiissa.mx\/index.php?rest_route=\/wp\/v2\/media\/96644"}],"wp:attachment":[{"href":"https:\/\/notiissa.mx\/index.php?rest_route=%2Fwp%2Fv2%2Fmedia&parent=96643"}],"wp:term":[{"taxonomy":"category","embeddable":true,"href":"https:\/\/notiissa.mx\/index.php?rest_route=%2Fwp%2Fv2%2Fcategories&post=96643"},{"taxonomy":"post_tag","embeddable":true,"href":"https:\/\/notiissa.mx\/index.php?rest_route=%2Fwp%2Fv2%2Ftags&post=96643"}],"curies":[{"name":"wp","href":"https:\/\/api.w.org\/{rel}","templated":true}]}}