{"id":92381,"date":"2026-05-01T12:27:58","date_gmt":"2026-05-01T18:27:58","guid":{"rendered":"https:\/\/notiissa.mx\/?p=92381"},"modified":"2026-05-01T12:27:58","modified_gmt":"2026-05-01T18:27:58","slug":"celebran-el-dia-de-las-ninez-con-funcion-de-lucha-libre-en-el-charco","status":"publish","type":"post","link":"https:\/\/notiissa.mx\/?p=92381","title":{"rendered":"Celebran el D\u00eda de las Ni\u00f1ez con funci\u00f3n de lucha libre en El Charco"},"content":{"rendered":"<p><strong>Ciudad de Chihuahua.-<\/strong> En el marco del D\u00eda de la Ni\u00f1ez, el Municipio de Chihuahua y la Escuela de Lucha Libre CUU, llev\u00f3 a cabo una funci\u00f3n especial de lucha libre en el seccional El Charco.<\/p>\n<p>El evento organizado por el Instituto Municipal de Cultura F\u00edsica y Deporte (IMCFD en coordinaci\u00f3n con la Direcci\u00f3n de Desarrollo Rural, se realiz\u00f3 el jueves 30 de abril en el Sal\u00f3n de Usos M\u00faltiples, donde se cont\u00f3 con la asistencia de 370 personas, entre ni\u00f1as, ni\u00f1os y familias de la comunidad, quienes disfrutaron de un espect\u00e1culo lleno de energ\u00eda, color y tradici\u00f3n mexicana. Estas acciones responden al compromiso del alcalde Marco Bonilla de acercar actividades recreativas y de sano esparcimiento a todas las zonas del municipio.<\/p>\n<p>Talentos de la Escuela de Lucha Libre CUU ofrecieron una funci\u00f3n din\u00e1mica que incluy\u00f3 una lucha de tres esquinas a una sola ca\u00edda, protagonizada por los luchadores El Profeta, El Ex\u00f3tico, Sexy Pop y El Catr\u00edn, quienes encendieron al p\u00fablico con su carisma y estilo en el cuadril\u00e1tero, generando una experiencia inolvidable para todas las personas presentes.<\/p>\n<p>Asimismo, en el presidium se cont\u00f3 con la presencia de Juan Jos\u00e9 Abdo fierro, director del IMCFD, el Prof. Oscar Elizondo Amaya, presidente seccional de la zona rural El Charco, Juan Anguiano, comisario de La Noria; Jes\u00fas de la Rocha, subdirector de Deporte Popular del IMCFD, el Prof. Said Estrada Brugada, director del CREI Mart\u00edn L\u00f3pez; el Prof. Gerardo R. Magallanes, director de preescolar; el Prof. Elizardo Amaya, director de telesecundaria y el Prof. Luis Calazar, director del Telebachillerato 86104; quienes acompa\u00f1aron esta celebraci\u00f3n y reiteraron el compromiso de continuar impulsando actividades recreativas y deportivas en beneficio de la ni\u00f1ez chihuahuense.<\/p>\n<p>Esta actividad forma parte de las estrategias del Gobierno Municipal de Chihuahua para fortalecer el tejido social en las zonas rurales, acercando eventos culturales y deportivos que fomenten la sana convivencia y el bienestar de las infancias chihuahuenses.<\/p>\n","protected":false},"excerpt":{"rendered":"<p>Ciudad de Chihuahua.- En el marco del D\u00eda de la Ni\u00f1ez, el Municipio de Chihuahua y la Escuela de Lucha Libre CUU, llev\u00f3 a cabo una funci\u00f3n especial de lucha libre en el seccional El Charco. El evento organizado por el Instituto Municipal de Cultura F\u00edsica y Deporte (IMCFD en coordinaci\u00f3n con la Direcci\u00f3n de [&hellip;]<\/p>\n","protected":false},"author":1,"featured_media":92382,"comment_status":"closed","ping_status":"open","sticky":false,"template":"","format":"standard","meta":{"rop_custom_images_group":[],"rop_custom_messages_group":[],"rop_publish_now":"initial","rop_publish_now_accounts":[],"rop_publish_now_history":[],"rop_publish_now_status":"pending","footnotes":""},"categories":[67,72],"tags":[23],"class_list":["post-92381","post","type-post","status-publish","format-standard","has-post-thumbnail","hentry","category-ciudad","category-estado","tag-destacado"],"_links":{"self":[{"href":"https:\/\/notiissa.mx\/index.php?rest_route=\/wp\/v2\/posts\/92381","targetHints":{"allow":["GET"]}}],"collection":[{"href":"https:\/\/notiissa.mx\/index.php?rest_route=\/wp\/v2\/posts"}],"about":[{"href":"https:\/\/notiissa.mx\/index.php?rest_route=\/wp\/v2\/types\/post"}],"author":[{"embeddable":true,"href":"https:\/\/notiissa.mx\/index.php?rest_route=\/wp\/v2\/users\/1"}],"replies":[{"embeddable":true,"href":"https:\/\/notiissa.mx\/index.php?rest_route=%2Fwp%2Fv2%2Fcomments&post=92381"}],"version-history":[{"count":1,"href":"https:\/\/notiissa.mx\/index.php?rest_route=\/wp\/v2\/posts\/92381\/revisions"}],"predecessor-version":[{"id":92383,"href":"https:\/\/notiissa.mx\/index.php?rest_route=\/wp\/v2\/posts\/92381\/revisions\/92383"}],"wp:featuredmedia":[{"embeddable":true,"href":"https:\/\/notiissa.mx\/index.php?rest_route=\/wp\/v2\/media\/92382"}],"wp:attachment":[{"href":"https:\/\/notiissa.mx\/index.php?rest_route=%2Fwp%2Fv2%2Fmedia&parent=92381"}],"wp:term":[{"taxonomy":"category","embeddable":true,"href":"https:\/\/notiissa.mx\/index.php?rest_route=%2Fwp%2Fv2%2Fcategories&post=92381"},{"taxonomy":"post_tag","embeddable":true,"href":"https:\/\/notiissa.mx\/index.php?rest_route=%2Fwp%2Fv2%2Ftags&post=92381"}],"curies":[{"name":"wp","href":"https:\/\/api.w.org\/{rel}","templated":true}]}}