{"id":92365,"date":"2026-05-01T11:27:23","date_gmt":"2026-05-01T17:27:23","guid":{"rendered":"https:\/\/notiissa.mx\/?p=92365"},"modified":"2026-05-01T11:27:23","modified_gmt":"2026-05-01T17:27:23","slug":"celebra-uach-el-dia-internacional-de-la-danza","status":"publish","type":"post","link":"https:\/\/notiissa.mx\/?p=92365","title":{"rendered":"Celebra UACH el \u00abD\u00eda Internacional de la Danza\u00bb"},"content":{"rendered":"<p><strong>Ciudad de Chihuahua.-<\/strong> En el marco de la conmemoraci\u00f3n del D\u00eda Internacional de la Danza, la UACH, a trav\u00e9s de la Direcci\u00f3n de Extensi\u00f3n y Difusi\u00f3n Cultural (DIEX), llev\u00f3 a cabo una jornada art\u00edstica que reuni\u00f3 a diversas agrupaciones universitarias en un escenario lleno de ritmo, tradici\u00f3n y expresi\u00f3n.<\/p>\n<p>El evento cont\u00f3 con la destacada participaci\u00f3n de la Compa\u00f1\u00eda de Danza Folcl\u00f3rica, el Grupo Vers\u00e1til y el Mariachi UACH, quienes ofrecieron un espect\u00e1culo vibrante que resalt\u00f3 el talento, disciplina y pasi\u00f3n tanto de estudiantes como de maestros de la Facultad de Artes, adem\u00e1s de las distintas unidades educativas.<\/p>\n<p>Cada presentaci\u00f3n fue una muestra del compromiso que la comunidad universitaria tiene con la preservaci\u00f3n y difusi\u00f3n de las expresiones culturales, logrando cautivar al p\u00fablico con coreograf\u00edas llenas de color, m\u00fasica en vivo y una energ\u00eda que se transmiti\u00f3 desde el escenario.<\/p>\n<p>Durante el evento, la directora de Extensi\u00f3n y Difusi\u00f3n Cultural, Dra. Ruth del Carmen Grajeda Gonz\u00e1lez, destac\u00f3 la importancia de este tipo de celebraciones como espacios de encuentro y reconocimiento al arte como una herramienta de transformaci\u00f3n social; asimismo, agradeci\u00f3 a las autoridades universitarias por su respaldo, as\u00ed como a las y los docentes que, con su entrega, hacen posible el desarrollo art\u00edstico de las y los estudiantes.<\/p>\n<p>La celebraci\u00f3n del D\u00eda Internacional de la Danza reafirma el compromiso de la UACH por impulsar el arte y la cultura como pilares fundamentales en la formaci\u00f3n integral de su comunidad, consolidando escenarios donde el talento florece y se comparte con orgullo.<\/p>\n","protected":false},"excerpt":{"rendered":"<p>Ciudad de Chihuahua.- En el marco de la conmemoraci\u00f3n del D\u00eda Internacional de la Danza, la UACH, a trav\u00e9s de la Direcci\u00f3n de Extensi\u00f3n y Difusi\u00f3n Cultural (DIEX), llev\u00f3 a cabo una jornada art\u00edstica que reuni\u00f3 a diversas agrupaciones universitarias en un escenario lleno de ritmo, tradici\u00f3n y expresi\u00f3n. El evento cont\u00f3 con la destacada [&hellip;]<\/p>\n","protected":false},"author":1,"featured_media":92366,"comment_status":"closed","ping_status":"open","sticky":false,"template":"","format":"standard","meta":{"rop_custom_images_group":[],"rop_custom_messages_group":[],"rop_publish_now":"initial","rop_publish_now_accounts":[],"rop_publish_now_history":[],"rop_publish_now_status":"pending","footnotes":""},"categories":[67,72],"tags":[23],"class_list":["post-92365","post","type-post","status-publish","format-standard","has-post-thumbnail","hentry","category-ciudad","category-estado","tag-destacado"],"_links":{"self":[{"href":"https:\/\/notiissa.mx\/index.php?rest_route=\/wp\/v2\/posts\/92365","targetHints":{"allow":["GET"]}}],"collection":[{"href":"https:\/\/notiissa.mx\/index.php?rest_route=\/wp\/v2\/posts"}],"about":[{"href":"https:\/\/notiissa.mx\/index.php?rest_route=\/wp\/v2\/types\/post"}],"author":[{"embeddable":true,"href":"https:\/\/notiissa.mx\/index.php?rest_route=\/wp\/v2\/users\/1"}],"replies":[{"embeddable":true,"href":"https:\/\/notiissa.mx\/index.php?rest_route=%2Fwp%2Fv2%2Fcomments&post=92365"}],"version-history":[{"count":1,"href":"https:\/\/notiissa.mx\/index.php?rest_route=\/wp\/v2\/posts\/92365\/revisions"}],"predecessor-version":[{"id":92367,"href":"https:\/\/notiissa.mx\/index.php?rest_route=\/wp\/v2\/posts\/92365\/revisions\/92367"}],"wp:featuredmedia":[{"embeddable":true,"href":"https:\/\/notiissa.mx\/index.php?rest_route=\/wp\/v2\/media\/92366"}],"wp:attachment":[{"href":"https:\/\/notiissa.mx\/index.php?rest_route=%2Fwp%2Fv2%2Fmedia&parent=92365"}],"wp:term":[{"taxonomy":"category","embeddable":true,"href":"https:\/\/notiissa.mx\/index.php?rest_route=%2Fwp%2Fv2%2Fcategories&post=92365"},{"taxonomy":"post_tag","embeddable":true,"href":"https:\/\/notiissa.mx\/index.php?rest_route=%2Fwp%2Fv2%2Ftags&post=92365"}],"curies":[{"name":"wp","href":"https:\/\/api.w.org\/{rel}","templated":true}]}}