{"id":92347,"date":"2026-04-30T17:58:45","date_gmt":"2026-04-30T23:58:45","guid":{"rendered":"https:\/\/notiissa.mx\/?p=92347"},"modified":"2026-04-30T17:58:45","modified_gmt":"2026-04-30T23:58:45","slug":"el-pt-llama-a-reflexionar-sobre-el-rumbo-de-las-infancias","status":"publish","type":"post","link":"https:\/\/notiissa.mx\/?p=92347","title":{"rendered":"El PT llama a reflexionar sobre el rumbo de las infancias"},"content":{"rendered":"<p><strong>En el marco del D\u00eda de la Ni\u00f1a y el Ni\u00f1o.<\/strong><\/p>\n<hr \/>\n<p><strong>Chihuahua.-<\/strong> En el Partido del Trabajo consideramos que el D\u00eda de la Ni\u00f1a y el Ni\u00f1o debe ir m\u00e1s all\u00e1 de una celebraci\u00f3n simb\u00f3lica y convertirse en un espacio de reflexi\u00f3n sobre el rumbo que estamos dando a nuestras ni\u00f1as y ni\u00f1os desde la pol\u00edtica p\u00fablica.<\/p>\n<p>En el marco de esta fecha, la dirigente estatal del Partido del Trabajo, Tania Aguilar, se\u00f1al\u00f3 en entrevista que es fundamental aprovechar este d\u00eda para visibilizar la situaci\u00f3n de las infancias y crear pol\u00edticas p\u00fablicas que los abracen.<\/p>\n<p>\u201cM\u00e1s que una celebraci\u00f3n, es un momento para reflexionar y garantizar que nuestras ni\u00f1as y ni\u00f1os crezcan en entornos seguros, libres de violencia y lejos de contextos donde sean invisibilizados o desprotegidos\u201d, expres\u00f3.<\/p>\n<p>Asimismo, destac\u00f3 la necesidad de fortalecer pol\u00edticas p\u00fablicas que coloquen en el centro a las infancias, priorizando su bienestar, desarrollo integral y protecci\u00f3n de sus derechos.<\/p>\n<p>El Partido del Trabajo subraya que es responsabilidad de quienes ejercen la pol\u00edtica generar condiciones y espacios seguros para las infancias, donde puedan desarrollarse plenamente y con dignidad.<\/p>\n","protected":false},"excerpt":{"rendered":"<p>En el marco del D\u00eda de la Ni\u00f1a y el Ni\u00f1o. Chihuahua.- En el Partido del Trabajo consideramos que el D\u00eda de la Ni\u00f1a y el Ni\u00f1o debe ir m\u00e1s all\u00e1 de una celebraci\u00f3n simb\u00f3lica y convertirse en un espacio de reflexi\u00f3n sobre el rumbo que estamos dando a nuestras ni\u00f1as y ni\u00f1os desde la [&hellip;]<\/p>\n","protected":false},"author":1,"featured_media":92348,"comment_status":"closed","ping_status":"open","sticky":false,"template":"","format":"standard","meta":{"rop_custom_images_group":[],"rop_custom_messages_group":[],"rop_publish_now":"initial","rop_publish_now_accounts":[],"rop_publish_now_history":[],"rop_publish_now_status":"pending","footnotes":""},"categories":[67,72],"tags":[],"class_list":["post-92347","post","type-post","status-publish","format-standard","has-post-thumbnail","hentry","category-ciudad","category-estado"],"_links":{"self":[{"href":"https:\/\/notiissa.mx\/index.php?rest_route=\/wp\/v2\/posts\/92347","targetHints":{"allow":["GET"]}}],"collection":[{"href":"https:\/\/notiissa.mx\/index.php?rest_route=\/wp\/v2\/posts"}],"about":[{"href":"https:\/\/notiissa.mx\/index.php?rest_route=\/wp\/v2\/types\/post"}],"author":[{"embeddable":true,"href":"https:\/\/notiissa.mx\/index.php?rest_route=\/wp\/v2\/users\/1"}],"replies":[{"embeddable":true,"href":"https:\/\/notiissa.mx\/index.php?rest_route=%2Fwp%2Fv2%2Fcomments&post=92347"}],"version-history":[{"count":1,"href":"https:\/\/notiissa.mx\/index.php?rest_route=\/wp\/v2\/posts\/92347\/revisions"}],"predecessor-version":[{"id":92349,"href":"https:\/\/notiissa.mx\/index.php?rest_route=\/wp\/v2\/posts\/92347\/revisions\/92349"}],"wp:featuredmedia":[{"embeddable":true,"href":"https:\/\/notiissa.mx\/index.php?rest_route=\/wp\/v2\/media\/92348"}],"wp:attachment":[{"href":"https:\/\/notiissa.mx\/index.php?rest_route=%2Fwp%2Fv2%2Fmedia&parent=92347"}],"wp:term":[{"taxonomy":"category","embeddable":true,"href":"https:\/\/notiissa.mx\/index.php?rest_route=%2Fwp%2Fv2%2Fcategories&post=92347"},{"taxonomy":"post_tag","embeddable":true,"href":"https:\/\/notiissa.mx\/index.php?rest_route=%2Fwp%2Fv2%2Ftags&post=92347"}],"curies":[{"name":"wp","href":"https:\/\/api.w.org\/{rel}","templated":true}]}}