{"id":92335,"date":"2026-04-30T12:22:24","date_gmt":"2026-04-30T18:22:24","guid":{"rendered":"https:\/\/notiissa.mx\/?p=92335"},"modified":"2026-04-30T12:22:24","modified_gmt":"2026-04-30T18:22:24","slug":"estara-el-mercadito-mas-barato-en-la-campesina-el-dia-9","status":"publish","type":"post","link":"https:\/\/notiissa.mx\/?p=92335","title":{"rendered":"Estar\u00e1 el Mercadito m\u00e1s Barato en la Campesina el d\u00eda 9"},"content":{"rendered":"<p><strong>Canasta a 100 pesos.<\/strong><\/p>\n<hr \/>\n<p><strong>Por Silvia Madrid A.<\/strong><\/p>\n<hr \/>\n<p><strong>Ciudad de Chihuahua.-<\/strong> La Presidencia Municipal a trav\u00e9s de la Direcci\u00f3n de Desarrollo Econ\u00f3mico y Competitividad y la Central de Abasto llevar\u00e1n el Mercadito m\u00e1s Barato en su segunda edici\u00f3n a la colonia Campesina el s\u00e1bado 9 de mayo.<\/p>\n<p>Este programa es iniciativa del alcalde Marco Antonio Bonilla Mendoza para apoyar a la econom\u00eda de las familias con productos de calidad y baratos<\/p>\n<p>La canasta b\u00e1sica tiene un costo de cien pesos e incluye papa, aguacate, manzana, tomate, cebolla, pepino, lim\u00f3n, chile jalape\u00f1o y repollo, y se estar\u00e1n vendiendo tambi\u00e9n la cartera de huevos y el kilo de frijol.<\/p>\n<p>El Mercadito m\u00e1s Barato llegar\u00e1 a las colonias cada mes y en esta segunda edici\u00f3n estar\u00e1 en la cancha y parque de la colonia Campesina en las calles Miguelitos, Violetas y Azahares de 9 de la ma\u00f1ana a 2 de la tarde.<\/p>\n<p>Los interesados en obtener su canasta b\u00e1sica deben llegar a las 8 de la.ma\u00f1ana por su boleto, ser\u00e1n dos mil canasta. Y hablar espacio para 20 emprendedores que ofrecer\u00e1n carne seca, salsas, postres y otros productos, tambi\u00e9n de comerciantes de la Central de Abasto.<\/p>\n<p>En la pasada edici\u00f3n en Los Frailes hubo mil 300 canastas y ahora para agilizar las ventas se dispondr\u00e1 el doble o triple del personal.<\/p>\n","protected":false},"excerpt":{"rendered":"<p>Canasta a 100 pesos. Por Silvia Madrid A. Ciudad de Chihuahua.- La Presidencia Municipal a trav\u00e9s de la Direcci\u00f3n de Desarrollo Econ\u00f3mico y Competitividad y la Central de Abasto llevar\u00e1n el Mercadito m\u00e1s Barato en su segunda edici\u00f3n a la colonia Campesina el s\u00e1bado 9 de mayo. Este programa es iniciativa del alcalde Marco Antonio [&hellip;]<\/p>\n","protected":false},"author":1,"featured_media":92336,"comment_status":"closed","ping_status":"open","sticky":false,"template":"","format":"standard","meta":{"rop_custom_images_group":[],"rop_custom_messages_group":[],"rop_publish_now":"initial","rop_publish_now_accounts":[],"rop_publish_now_history":[],"rop_publish_now_status":"pending","footnotes":""},"categories":[67,61,72],"tags":[23],"class_list":["post-92335","post","type-post","status-publish","format-standard","has-post-thumbnail","hentry","category-ciudad","category-economia","category-estado","tag-destacado"],"_links":{"self":[{"href":"https:\/\/notiissa.mx\/index.php?rest_route=\/wp\/v2\/posts\/92335","targetHints":{"allow":["GET"]}}],"collection":[{"href":"https:\/\/notiissa.mx\/index.php?rest_route=\/wp\/v2\/posts"}],"about":[{"href":"https:\/\/notiissa.mx\/index.php?rest_route=\/wp\/v2\/types\/post"}],"author":[{"embeddable":true,"href":"https:\/\/notiissa.mx\/index.php?rest_route=\/wp\/v2\/users\/1"}],"replies":[{"embeddable":true,"href":"https:\/\/notiissa.mx\/index.php?rest_route=%2Fwp%2Fv2%2Fcomments&post=92335"}],"version-history":[{"count":1,"href":"https:\/\/notiissa.mx\/index.php?rest_route=\/wp\/v2\/posts\/92335\/revisions"}],"predecessor-version":[{"id":92337,"href":"https:\/\/notiissa.mx\/index.php?rest_route=\/wp\/v2\/posts\/92335\/revisions\/92337"}],"wp:featuredmedia":[{"embeddable":true,"href":"https:\/\/notiissa.mx\/index.php?rest_route=\/wp\/v2\/media\/92336"}],"wp:attachment":[{"href":"https:\/\/notiissa.mx\/index.php?rest_route=%2Fwp%2Fv2%2Fmedia&parent=92335"}],"wp:term":[{"taxonomy":"category","embeddable":true,"href":"https:\/\/notiissa.mx\/index.php?rest_route=%2Fwp%2Fv2%2Fcategories&post=92335"},{"taxonomy":"post_tag","embeddable":true,"href":"https:\/\/notiissa.mx\/index.php?rest_route=%2Fwp%2Fv2%2Ftags&post=92335"}],"curies":[{"name":"wp","href":"https:\/\/api.w.org\/{rel}","templated":true}]}}