{"id":92301,"date":"2026-04-29T15:28:02","date_gmt":"2026-04-29T21:28:02","guid":{"rendered":"https:\/\/notiissa.mx\/?p=92301"},"modified":"2026-04-29T15:28:02","modified_gmt":"2026-04-29T21:28:02","slug":"se-reune-alcalde-bonilla-con-el-entrenador-benjamin-gil","status":"publish","type":"post","link":"https:\/\/notiissa.mx\/?p=92301","title":{"rendered":"Se re\u00fane alcalde Bonilla con el entrenador Benjam\u00edn Gil"},"content":{"rendered":"<p><strong>De la Selecci\u00f3n Mexicana de B\u00e9isbol.<\/strong><\/p>\n<p><strong>&#8211; Dialog\u00f3 con ni\u00f1as y ni\u00f1os del Cabildo Infantil para que conozcan su historia y c\u00f3mo cumpli\u00f3 sus metas.<\/strong><\/p>\n<hr \/>\n<p><strong>Ciudad de Chihuahua.-<\/strong> El alcalde Marco Bonilla, recibi\u00f3 en su despacho de la Presidencia Municipal a Benjam\u00edn Gil, manejador ratificado de la Selecci\u00f3n Mexicana de B\u00e9isbol para el Cl\u00e1sico Mundial 2026, quien se coron\u00f3 campe\u00f3n como m\u00e1nager en la Serie del Caribe 2026 al frente de los Charros de Jalisco (M\u00e9xico), logrando su primer t\u00edtulo caribe\u00f1o.<\/p>\n<p>Marco Bonilla y Benjam\u00edn Gil hablaron acerca de los retos del deporte para M\u00e9xico y en Chihuahua, y de c\u00f3mo fue la historia de este manager que ha puesto el nombre del pa\u00eds en alto en materia deportiva y las dificultades que atraves\u00f3 para ser acreedor de este logro.<\/p>\n<p>Adem\u00e1s, ni\u00f1as y ni\u00f1os del Cabildo Infantil, conocieron a Benjam\u00edn Gil para conocerlo y recibir un motivador mensaje acerca de cumplir sus sue\u00f1os y c\u00f3mo el esfuerzo es apremiado, por lo que los exhort\u00f3 a no rendirse y trabajar por alcanzar sus metas.<\/p>\n","protected":false},"excerpt":{"rendered":"<p>De la Selecci\u00f3n Mexicana de B\u00e9isbol. &#8211; Dialog\u00f3 con ni\u00f1as y ni\u00f1os del Cabildo Infantil para que conozcan su historia y c\u00f3mo cumpli\u00f3 sus metas. Ciudad de Chihuahua.- El alcalde Marco Bonilla, recibi\u00f3 en su despacho de la Presidencia Municipal a Benjam\u00edn Gil, manejador ratificado de la Selecci\u00f3n Mexicana de B\u00e9isbol para el Cl\u00e1sico Mundial [&hellip;]<\/p>\n","protected":false},"author":1,"featured_media":92302,"comment_status":"closed","ping_status":"open","sticky":false,"template":"","format":"standard","meta":{"rop_custom_images_group":[],"rop_custom_messages_group":[],"rop_publish_now":"initial","rop_publish_now_accounts":[],"rop_publish_now_history":[],"rop_publish_now_status":"pending","footnotes":""},"categories":[67,72],"tags":[],"class_list":["post-92301","post","type-post","status-publish","format-standard","has-post-thumbnail","hentry","category-ciudad","category-estado"],"_links":{"self":[{"href":"https:\/\/notiissa.mx\/index.php?rest_route=\/wp\/v2\/posts\/92301","targetHints":{"allow":["GET"]}}],"collection":[{"href":"https:\/\/notiissa.mx\/index.php?rest_route=\/wp\/v2\/posts"}],"about":[{"href":"https:\/\/notiissa.mx\/index.php?rest_route=\/wp\/v2\/types\/post"}],"author":[{"embeddable":true,"href":"https:\/\/notiissa.mx\/index.php?rest_route=\/wp\/v2\/users\/1"}],"replies":[{"embeddable":true,"href":"https:\/\/notiissa.mx\/index.php?rest_route=%2Fwp%2Fv2%2Fcomments&post=92301"}],"version-history":[{"count":1,"href":"https:\/\/notiissa.mx\/index.php?rest_route=\/wp\/v2\/posts\/92301\/revisions"}],"predecessor-version":[{"id":92303,"href":"https:\/\/notiissa.mx\/index.php?rest_route=\/wp\/v2\/posts\/92301\/revisions\/92303"}],"wp:featuredmedia":[{"embeddable":true,"href":"https:\/\/notiissa.mx\/index.php?rest_route=\/wp\/v2\/media\/92302"}],"wp:attachment":[{"href":"https:\/\/notiissa.mx\/index.php?rest_route=%2Fwp%2Fv2%2Fmedia&parent=92301"}],"wp:term":[{"taxonomy":"category","embeddable":true,"href":"https:\/\/notiissa.mx\/index.php?rest_route=%2Fwp%2Fv2%2Fcategories&post=92301"},{"taxonomy":"post_tag","embeddable":true,"href":"https:\/\/notiissa.mx\/index.php?rest_route=%2Fwp%2Fv2%2Ftags&post=92301"}],"curies":[{"name":"wp","href":"https:\/\/api.w.org\/{rel}","templated":true}]}}