{"id":92292,"date":"2026-04-29T15:04:59","date_gmt":"2026-04-29T21:04:59","guid":{"rendered":"https:\/\/notiissa.mx\/?p=92292"},"modified":"2026-04-29T15:04:59","modified_gmt":"2026-04-29T21:04:59","slug":"mc-presenta-denuncia-ante-el-registro-civil-por-datos-biometricos","status":"publish","type":"post","link":"https:\/\/notiissa.mx\/?p=92292","title":{"rendered":"MC presenta denuncia ante el Registro Civil por datos biom\u00e9tricos"},"content":{"rendered":"<p><strong>Chihuahua.-<\/strong> El diputado y coordinador de la Bancada Naranja de Movimiento Ciudadano, Francisco S\u00e1nchez Villegas, present\u00f3 ante el Registro Civil la demanda para solicitar una curp sin datos biom\u00e9tricos y la manifestaci\u00f3n expresa de no consentimiento para el tratamiento de datos biom\u00e9tricos.<\/p>\n<p>Francisco S\u00e1nchez present\u00f3 los documentos legales para blindarse contra el registro de datos biom\u00e9tricos y los puso a disposici\u00f3n de todas las personas, para que puedan replicarlo desde cualquier lugar del pa\u00eds.<\/p>\n<p>Asimismo, advirti\u00f3 que el r\u00e9gimen intenta obligar a los ciudadanos a registrar su curp biom\u00e9trica.<\/p>\n","protected":false},"excerpt":{"rendered":"<p>Chihuahua.- El diputado y coordinador de la Bancada Naranja de Movimiento Ciudadano, Francisco S\u00e1nchez Villegas, present\u00f3 ante el Registro Civil la demanda para solicitar una curp sin datos biom\u00e9tricos y la manifestaci\u00f3n expresa de no consentimiento para el tratamiento de datos biom\u00e9tricos. Francisco S\u00e1nchez present\u00f3 los documentos legales para blindarse contra el registro de datos [&hellip;]<\/p>\n","protected":false},"author":1,"featured_media":92293,"comment_status":"closed","ping_status":"open","sticky":false,"template":"","format":"standard","meta":{"rop_custom_images_group":[],"rop_custom_messages_group":[],"rop_publish_now":"initial","rop_publish_now_accounts":[],"rop_publish_now_history":[],"rop_publish_now_status":"pending","footnotes":""},"categories":[67,72],"tags":[23],"class_list":["post-92292","post","type-post","status-publish","format-standard","has-post-thumbnail","hentry","category-ciudad","category-estado","tag-destacado"],"_links":{"self":[{"href":"https:\/\/notiissa.mx\/index.php?rest_route=\/wp\/v2\/posts\/92292","targetHints":{"allow":["GET"]}}],"collection":[{"href":"https:\/\/notiissa.mx\/index.php?rest_route=\/wp\/v2\/posts"}],"about":[{"href":"https:\/\/notiissa.mx\/index.php?rest_route=\/wp\/v2\/types\/post"}],"author":[{"embeddable":true,"href":"https:\/\/notiissa.mx\/index.php?rest_route=\/wp\/v2\/users\/1"}],"replies":[{"embeddable":true,"href":"https:\/\/notiissa.mx\/index.php?rest_route=%2Fwp%2Fv2%2Fcomments&post=92292"}],"version-history":[{"count":1,"href":"https:\/\/notiissa.mx\/index.php?rest_route=\/wp\/v2\/posts\/92292\/revisions"}],"predecessor-version":[{"id":92294,"href":"https:\/\/notiissa.mx\/index.php?rest_route=\/wp\/v2\/posts\/92292\/revisions\/92294"}],"wp:featuredmedia":[{"embeddable":true,"href":"https:\/\/notiissa.mx\/index.php?rest_route=\/wp\/v2\/media\/92293"}],"wp:attachment":[{"href":"https:\/\/notiissa.mx\/index.php?rest_route=%2Fwp%2Fv2%2Fmedia&parent=92292"}],"wp:term":[{"taxonomy":"category","embeddable":true,"href":"https:\/\/notiissa.mx\/index.php?rest_route=%2Fwp%2Fv2%2Fcategories&post=92292"},{"taxonomy":"post_tag","embeddable":true,"href":"https:\/\/notiissa.mx\/index.php?rest_route=%2Fwp%2Fv2%2Ftags&post=92292"}],"curies":[{"name":"wp","href":"https:\/\/api.w.org\/{rel}","templated":true}]}}