{"id":92286,"date":"2026-04-29T12:52:09","date_gmt":"2026-04-29T18:52:09","guid":{"rendered":"https:\/\/notiissa.mx\/?p=92286"},"modified":"2026-04-29T12:52:09","modified_gmt":"2026-04-29T18:52:09","slug":"este-domingo-elegira-morena-a-su-dirigente-nacional","status":"publish","type":"post","link":"https:\/\/notiissa.mx\/?p=92286","title":{"rendered":"Este domingo elegir\u00e1 Morena a su dirigente nacional"},"content":{"rendered":"<p><strong>Por Silvia Madrid A.<\/strong><\/p>\n<hr \/>\n<p>Mcprian se ech\u00f3 para atr\u00e1s en caso Cruz.<\/p>\n<p><strong>Chihuahua.-<\/strong> El coordinador de los diputados de Morena Cuauht\u00e9moc Estrada inform\u00f3 que este domingo ser\u00e1 el Congreso Nacional del partido en el que uno de los puntos ser\u00e1 la elecci\u00f3n del nuevo o nueva dirigente nacional.<\/p>\n<p>Sobre la que fuera secretaria de Bienestar Ariadna Montiel expres\u00f3 que fue l\u00edder estudiantil en CDMX entre 1988 y 1992, activista en la construcci\u00f3n de Morena, de las primeras legisladoras por el PRD, dos veces subsecretar\u00eda con AMLO y secretaria con Claudia Sheinbaum. Y asegur\u00f3 que fortalecer\u00e1 y unificara el trabajo del partido, que es sobre todo territorial.<\/p>\n<p>Asegur\u00f3 que aportar\u00e1 a su partido lo que pueda porque naci\u00f3 en la izquierda y cerrar\u00e1 filas con quienes sean los candidatos, esto luego del recibimiento y espaldarazo que dio al alcalde de Ju\u00e1rez Cruz P\u00e9rez en su visita al congreso del estado el pasado martes.<\/p>\n<p>Sobre la comparecencia de Cruz P\u00e9rez en el Congreso del Estado para aclarar el destino de 100 millones de pesos que retuvo de ISR y al parecer no pago al SAT, dijo que el PAN la pidi\u00f3 y ahora se \u201cech\u00f3 para atr\u00e1s\u201d, y se pregunt\u00f3 qui\u00e9n est\u00e1 a favor de la transparencia y qui\u00e9n se esconde debajo de la mesa?<\/p>\n","protected":false},"excerpt":{"rendered":"<p>Por Silvia Madrid A. Mcprian se ech\u00f3 para atr\u00e1s en caso Cruz. Chihuahua.- El coordinador de los diputados de Morena Cuauht\u00e9moc Estrada inform\u00f3 que este domingo ser\u00e1 el Congreso Nacional del partido en el que uno de los puntos ser\u00e1 la elecci\u00f3n del nuevo o nueva dirigente nacional. Sobre la que fuera secretaria de Bienestar [&hellip;]<\/p>\n","protected":false},"author":1,"featured_media":92287,"comment_status":"closed","ping_status":"open","sticky":false,"template":"","format":"standard","meta":{"rop_custom_images_group":[],"rop_custom_messages_group":[],"rop_publish_now":"initial","rop_publish_now_accounts":[],"rop_publish_now_history":[],"rop_publish_now_status":"pending","footnotes":""},"categories":[67,72],"tags":[],"class_list":["post-92286","post","type-post","status-publish","format-standard","has-post-thumbnail","hentry","category-ciudad","category-estado"],"_links":{"self":[{"href":"https:\/\/notiissa.mx\/index.php?rest_route=\/wp\/v2\/posts\/92286","targetHints":{"allow":["GET"]}}],"collection":[{"href":"https:\/\/notiissa.mx\/index.php?rest_route=\/wp\/v2\/posts"}],"about":[{"href":"https:\/\/notiissa.mx\/index.php?rest_route=\/wp\/v2\/types\/post"}],"author":[{"embeddable":true,"href":"https:\/\/notiissa.mx\/index.php?rest_route=\/wp\/v2\/users\/1"}],"replies":[{"embeddable":true,"href":"https:\/\/notiissa.mx\/index.php?rest_route=%2Fwp%2Fv2%2Fcomments&post=92286"}],"version-history":[{"count":1,"href":"https:\/\/notiissa.mx\/index.php?rest_route=\/wp\/v2\/posts\/92286\/revisions"}],"predecessor-version":[{"id":92288,"href":"https:\/\/notiissa.mx\/index.php?rest_route=\/wp\/v2\/posts\/92286\/revisions\/92288"}],"wp:featuredmedia":[{"embeddable":true,"href":"https:\/\/notiissa.mx\/index.php?rest_route=\/wp\/v2\/media\/92287"}],"wp:attachment":[{"href":"https:\/\/notiissa.mx\/index.php?rest_route=%2Fwp%2Fv2%2Fmedia&parent=92286"}],"wp:term":[{"taxonomy":"category","embeddable":true,"href":"https:\/\/notiissa.mx\/index.php?rest_route=%2Fwp%2Fv2%2Fcategories&post=92286"},{"taxonomy":"post_tag","embeddable":true,"href":"https:\/\/notiissa.mx\/index.php?rest_route=%2Fwp%2Fv2%2Ftags&post=92286"}],"curies":[{"name":"wp","href":"https:\/\/api.w.org\/{rel}","templated":true}]}}