{"id":92283,"date":"2026-04-29T12:47:11","date_gmt":"2026-04-29T18:47:11","guid":{"rendered":"https:\/\/notiissa.mx\/?p=92283"},"modified":"2026-04-29T12:47:11","modified_gmt":"2026-04-29T18:47:11","slug":"asumen-cargos-integrantes-del-cabildo-infantil","status":"publish","type":"post","link":"https:\/\/notiissa.mx\/?p=92283","title":{"rendered":"Asumen cargos integrantes del Cabildo Infantil"},"content":{"rendered":"<p><strong>Por Silvia Madrid A.<\/strong><\/p>\n<hr \/>\n<p><strong>Ciudad de Chihuahua.- E<\/strong>l presidente municipal Marco Antonio Bonilla Mendoza tom\u00f3 protesta a los integrantes del Cabildo Infantil, en sesi\u00f3n solemne realizada en el Palacio Municipal con motivo del D\u00eda del Ni\u00f1o.<\/p>\n<p>La alcaldesa infantil en esta ocasi\u00f3n es Dana Sof\u00eda Olivas Herrera, la s\u00edndica es Paulina Guadalupe Quezada Enr\u00edquez,y el secretario del Ayuntamiento Dereck Alejandro Pando Romero.<\/p>\n<p>Los regidores del Ayuntamiento son Jes\u00fas Emiliano de la Rocha Dom\u00ednguez, de Educaci\u00f3n; Ian Leonardo Ochoa Mart\u00ednez, de Hacienda y Planeaci\u00f3n; Grecia Guadalupe Godoy Bernal, de Gobernaci\u00f3n; David Felipe Tovar Bocanegra, de Sociedad Civil Organizada, Asuntos Religiosos y Comunidades Ind\u00edgenas; Meredith Elizabeth Bencomo Arg\u00fcelles, de Desarrollo Social; Bella Yisel Gonz\u00e1lez Garc\u00eda, de Participaci\u00f3n Ciudadana; Nicole Lobatos Mariscal, de Fomento Econ\u00f3mico; Miguel Antonio S\u00e1nchez P\u00e9rez, de Obras y Servicios P\u00fablicos; Dereck Alexis Villalobos Villalba, de Seguridad P\u00fablica; C\u00e9sar Miguel Castro Cereceres, de Salud; Jenifer Ximena Gonz\u00e1lez Trujillo, de Deporte; Melissa Daenerys Hern\u00e1ndez Peinado, de Cultura; Natalia Yareli Villalobos Hern\u00e1ndez, de Transparencia; Fernanda Sof\u00eda Cruz Neri, de Mujer, Familia, Igualdad de G\u00e9nero y Derechos de las ni\u00f1as y ni\u00f1os; Andrea Alejandra Morales Gonz\u00e1lez, de Desarrollo Rural; \u00c1ngel Gabriel Camacho Vilchis, de Desarrollo Urbano; Abner Isaac Esparza G\u00f3mez, de Ecolog\u00eda; Alexa Victoria Hern\u00e1ndez Gill, de Trabajo y Previsi\u00f3n Social;<br \/>\n\u00c1ngel Ernesto Amador L\u00f3pez , de Movilidad Sustentable, Seguridad Vial y Transporte; Jazm\u00edn Ariana Dur\u00e1n Ramos, de Juventud.<\/p>\n<p>En otros cargos: Jaime Osmar M\u00e1rquez Portillo, presidente del DIF Municipal; Antonio Nicol\u00e1s Delgado Fr\u00edas, director del DIF Municipal; Debany Ruvalcaba Urtusu\u00e1stegui, tesorera municipal; Sherlyn Morales L\u00f3pez, oficial mayor; Paula Victoria Delgadillo Rodr\u00edguez, jefa de Gabinete; Natasha Xally Garc\u00eda Garc\u00eda, jefa del despacho del alcalde.<\/p>\n<p>Am\u00e9rica de la Rosa Molina en Direcci\u00f3n de Obras P\u00fablicas, Denisse Valeria Romero Loya en la Direcci\u00f3n de Servicios P\u00fablicos; Xiomara Yamilet Garc\u00eda Salm\u00f3n en la Direcci\u00f3n de Desarrollo Urbano y Ecolog\u00eda; Ian Mej\u00eda Duarte en la Direcci\u00f3n de Desarrollo Humano y Educaci\u00f3n, Le\u00f3n Gustavo Santill\u00e1n P\u00e9rez en la Direcci\u00f3n de Planeaci\u00f3n e Innovaci\u00f3n Gubernamental, Noel Tadeo Chac\u00f3n Guill\u00e9n en la Direcci\u00f3n de Desarrollo Rural, Eimi Julieta Oaxaca Deoses en la Direcci\u00f3n de Desarrollo Econ\u00f3mico y Competitividad, Ang\u00e9lique Daena Aragonez Contreras en la Direcci\u00f3n de Mantenimiento Urbano, Eder Prieto Estrada en la Direcci\u00f3n de Seguridad P\u00fablica, Armi Daniel Altamirano Romero en la Coordinaci\u00f3n de Participaci\u00f3n Ciudadana, Johana Abigail Iglesias Ibarra en la Coordinaci\u00f3n de Relaciones P\u00fablicas, Aiden Erubiel Ch\u00e1vez Veleta en la Coordinaci\u00f3n de Transparencia, Gobierno Abierto y Archivos, Jes\u00fas Antonio Espino Villalobos en la Coordinaci\u00f3n de Comunicaci\u00f3n Social, Axel No\u00e9 Arrieta Andujo en la Coordinaci\u00f3n de Medio Ambiente y Protecci\u00f3n Animal, L\u00eda Nohem\u00ed Baro Medina en la Direcci\u00f3n del Instituto Municipal de Prevenci\u00f3n y Atenci\u00f3n a la Salud, Fernanda Ch\u00e1vez Loera en la Direcci\u00f3n del Instituto de Cultura, Cristian Giovanni Gir\u00f3n Villalva en la Gerencia General del Consejo de Urbanizaci\u00f3n Municipal, Emily Sof\u00eda Gonz\u00e1lez Garc\u00eda en la Direcci\u00f3n del Instituto Municipal de Pensiones, Diego Loya Granillo en la Direcci\u00f3n del \u00d3rgano Interno de Control, Dana Elianee Amaya Ojeda en la Direcci\u00f3n del Instituto de Planeaci\u00f3n Integral, Eder Kaleb Torres Flores en la Direcci\u00f3n del Instituto Municipal de las Mujeres, Chelsea Estefania Dom\u00ednguez Rodr\u00edguez en la Direcci\u00f3n del Instituto Municipal de Cultura F\u00edsica y Deporte, y Alondra P\u00e9rez Portillo, vocera infantil del Gobierno Municipal.<\/p>\n","protected":false},"excerpt":{"rendered":"<p>Por Silvia Madrid A. Ciudad de Chihuahua.- El presidente municipal Marco Antonio Bonilla Mendoza tom\u00f3 protesta a los integrantes del Cabildo Infantil, en sesi\u00f3n solemne realizada en el Palacio Municipal con motivo del D\u00eda del Ni\u00f1o. La alcaldesa infantil en esta ocasi\u00f3n es Dana Sof\u00eda Olivas Herrera, la s\u00edndica es Paulina Guadalupe Quezada Enr\u00edquez,y el [&hellip;]<\/p>\n","protected":false},"author":1,"featured_media":92284,"comment_status":"closed","ping_status":"open","sticky":false,"template":"","format":"standard","meta":{"rop_custom_images_group":[],"rop_custom_messages_group":[],"rop_publish_now":"initial","rop_publish_now_accounts":[],"rop_publish_now_history":[],"rop_publish_now_status":"pending","footnotes":""},"categories":[67,72],"tags":[23],"class_list":["post-92283","post","type-post","status-publish","format-standard","has-post-thumbnail","hentry","category-ciudad","category-estado","tag-destacado"],"_links":{"self":[{"href":"https:\/\/notiissa.mx\/index.php?rest_route=\/wp\/v2\/posts\/92283","targetHints":{"allow":["GET"]}}],"collection":[{"href":"https:\/\/notiissa.mx\/index.php?rest_route=\/wp\/v2\/posts"}],"about":[{"href":"https:\/\/notiissa.mx\/index.php?rest_route=\/wp\/v2\/types\/post"}],"author":[{"embeddable":true,"href":"https:\/\/notiissa.mx\/index.php?rest_route=\/wp\/v2\/users\/1"}],"replies":[{"embeddable":true,"href":"https:\/\/notiissa.mx\/index.php?rest_route=%2Fwp%2Fv2%2Fcomments&post=92283"}],"version-history":[{"count":1,"href":"https:\/\/notiissa.mx\/index.php?rest_route=\/wp\/v2\/posts\/92283\/revisions"}],"predecessor-version":[{"id":92285,"href":"https:\/\/notiissa.mx\/index.php?rest_route=\/wp\/v2\/posts\/92283\/revisions\/92285"}],"wp:featuredmedia":[{"embeddable":true,"href":"https:\/\/notiissa.mx\/index.php?rest_route=\/wp\/v2\/media\/92284"}],"wp:attachment":[{"href":"https:\/\/notiissa.mx\/index.php?rest_route=%2Fwp%2Fv2%2Fmedia&parent=92283"}],"wp:term":[{"taxonomy":"category","embeddable":true,"href":"https:\/\/notiissa.mx\/index.php?rest_route=%2Fwp%2Fv2%2Fcategories&post=92283"},{"taxonomy":"post_tag","embeddable":true,"href":"https:\/\/notiissa.mx\/index.php?rest_route=%2Fwp%2Fv2%2Ftags&post=92283"}],"curies":[{"name":"wp","href":"https:\/\/api.w.org\/{rel}","templated":true}]}}