{"id":92232,"date":"2026-04-28T12:17:39","date_gmt":"2026-04-28T18:17:39","guid":{"rendered":"https:\/\/notiissa.mx\/?p=92232"},"modified":"2026-04-28T12:17:39","modified_gmt":"2026-04-28T18:17:39","slug":"invitan-a-charla-de-superacion-con-rafa-jaime","status":"publish","type":"post","link":"https:\/\/notiissa.mx\/?p=92232","title":{"rendered":"Invitan a charla de superaci\u00f3n con Rafa Jaime"},"content":{"rendered":"<p><strong>Primer ciego en llegar a la cima del Everest.<\/strong><\/p>\n<hr \/>\n<p><strong>Por Silvia Madrid A.<\/strong><\/p>\n<hr \/>\n<p><strong>Ciudad de Chihuahua.- E<\/strong>l Instituto Municipal de Prevenci\u00f3n y Atenci\u00f3n a la Salud, el DIF Municipal y la Cruz Roja Mexicana delegaci\u00f3n Chihuahua invitan a la charla que ofrecer\u00e1 Rafa Jaime, primer invidente en llegar a la cima del monte Everest.<\/p>\n<p>Luis Antonio Arrieta director del IMPAS coment\u00f3 que se trata de una pl\u00e1tica de superaci\u00f3n que se impartir\u00e1 el 26 de mayo en el gimnasio Rodrigo M. Quevedo.<\/p>\n<p>Con \u201cMente sin l\u00edmites\u201d se busca dar sentido a la salud mental, la importancia de su atenci\u00f3n. Y dijo que a los 18 a\u00f1os Rafa tuvo c\u00e1ncer y luego gracias a su esfuerzo y perseverancia conquist\u00f3 el Everest por eso es una por c\u00e1ncer desarrollo invidente alcanz\u00f3 la cima del Everest y su acto es una historia de \u00e9xito deportivo.<\/p>\n<p>El doctor Arrieta indic\u00f3 que la entrada a la charla es gratuita y solo deben acceder a obtener su pase a las redes sociales del Impas. El ingreso al gimnasio ser\u00e1 desde las 8 de la ma\u00f1ana y la pl\u00e1tica iniciar\u00e1 a las 10 am.<\/p>\n","protected":false},"excerpt":{"rendered":"<p>Primer ciego en llegar a la cima del Everest. Por Silvia Madrid A. Ciudad de Chihuahua.- El Instituto Municipal de Prevenci\u00f3n y Atenci\u00f3n a la Salud, el DIF Municipal y la Cruz Roja Mexicana delegaci\u00f3n Chihuahua invitan a la charla que ofrecer\u00e1 Rafa Jaime, primer invidente en llegar a la cima del monte Everest. Luis [&hellip;]<\/p>\n","protected":false},"author":1,"featured_media":92233,"comment_status":"closed","ping_status":"open","sticky":false,"template":"","format":"standard","meta":{"rop_custom_images_group":[],"rop_custom_messages_group":[],"rop_publish_now":"initial","rop_publish_now_accounts":[],"rop_publish_now_history":[],"rop_publish_now_status":"pending","footnotes":""},"categories":[67,72],"tags":[],"class_list":["post-92232","post","type-post","status-publish","format-standard","has-post-thumbnail","hentry","category-ciudad","category-estado"],"_links":{"self":[{"href":"https:\/\/notiissa.mx\/index.php?rest_route=\/wp\/v2\/posts\/92232","targetHints":{"allow":["GET"]}}],"collection":[{"href":"https:\/\/notiissa.mx\/index.php?rest_route=\/wp\/v2\/posts"}],"about":[{"href":"https:\/\/notiissa.mx\/index.php?rest_route=\/wp\/v2\/types\/post"}],"author":[{"embeddable":true,"href":"https:\/\/notiissa.mx\/index.php?rest_route=\/wp\/v2\/users\/1"}],"replies":[{"embeddable":true,"href":"https:\/\/notiissa.mx\/index.php?rest_route=%2Fwp%2Fv2%2Fcomments&post=92232"}],"version-history":[{"count":1,"href":"https:\/\/notiissa.mx\/index.php?rest_route=\/wp\/v2\/posts\/92232\/revisions"}],"predecessor-version":[{"id":92234,"href":"https:\/\/notiissa.mx\/index.php?rest_route=\/wp\/v2\/posts\/92232\/revisions\/92234"}],"wp:featuredmedia":[{"embeddable":true,"href":"https:\/\/notiissa.mx\/index.php?rest_route=\/wp\/v2\/media\/92233"}],"wp:attachment":[{"href":"https:\/\/notiissa.mx\/index.php?rest_route=%2Fwp%2Fv2%2Fmedia&parent=92232"}],"wp:term":[{"taxonomy":"category","embeddable":true,"href":"https:\/\/notiissa.mx\/index.php?rest_route=%2Fwp%2Fv2%2Fcategories&post=92232"},{"taxonomy":"post_tag","embeddable":true,"href":"https:\/\/notiissa.mx\/index.php?rest_route=%2Fwp%2Fv2%2Ftags&post=92232"}],"curies":[{"name":"wp","href":"https:\/\/api.w.org\/{rel}","templated":true}]}}