{"id":92208,"date":"2026-04-27T16:18:06","date_gmt":"2026-04-27T22:18:06","guid":{"rendered":"https:\/\/notiissa.mx\/?p=92208"},"modified":"2026-04-27T16:18:06","modified_gmt":"2026-04-27T22:18:06","slug":"se-reunen-martinez-y-salas-con-vecinos-de-la-campesina","status":"publish","type":"post","link":"https:\/\/notiissa.mx\/?p=92208","title":{"rendered":"Se re\u00fanen Mart\u00ednez y Salas con vecinos de la Campesina"},"content":{"rendered":"<p><strong>Ciudad de Chihuahua.-<\/strong> La regidora Isela Mart\u00ednez D\u00edaz (PAN), en conjunto con el Director de Seguridad P\u00fablica Municipal Julio C\u00e9sar Salas Gonz\u00e1lez, sostuvo un encuentro con vecinas y vecinos de la colonia Campesina, con el objetivo de escuchar de manera directa sus inquietudes y problem\u00e1ticas.<\/p>\n<p>Durante esta reuni\u00f3n, las y los colonos de esta zona de la ciudad expusieron diversas necesidades relacionadas con su entorno, mismas que fueron atendidas de forma puntual por las autoridades presentes, reiterando el compromiso de trabajar de la mano con la ciudadan\u00eda.<\/p>\n<p>En este sentido, la coordinadora de Regidores del PAN destac\u00f3 que el Gobierno Municipal encabezado por el alcalde Marco Bonilla Mendoza es consciente de la importancia de mantener cercan\u00eda con la ciudadan\u00eda, escuchar de primera mano sus necesidades e ideas, y a partir de ello, construir pol\u00edticas p\u00fablicas efectivas que respondan a la realidad de las familias.<\/p>\n<p>Isela Mart\u00ednez y el Comisario Julio C\u00e9sar Salas se comprometieron a dar seguimiento a cada una de las solicitudes planteadas, a fin de brindar atenci\u00f3n oportuna y contribuir a mejorar la calidad de vida en la colonia.<\/p>\n","protected":false},"excerpt":{"rendered":"<p>Ciudad de Chihuahua.- La regidora Isela Mart\u00ednez D\u00edaz (PAN), en conjunto con el Director de Seguridad P\u00fablica Municipal Julio C\u00e9sar Salas Gonz\u00e1lez, sostuvo un encuentro con vecinas y vecinos de la colonia Campesina, con el objetivo de escuchar de manera directa sus inquietudes y problem\u00e1ticas. Durante esta reuni\u00f3n, las y los colonos de esta zona [&hellip;]<\/p>\n","protected":false},"author":1,"featured_media":92209,"comment_status":"closed","ping_status":"open","sticky":false,"template":"","format":"standard","meta":{"rop_custom_images_group":[],"rop_custom_messages_group":[],"rop_publish_now":"initial","rop_publish_now_accounts":[],"rop_publish_now_history":[],"rop_publish_now_status":"pending","footnotes":""},"categories":[67,72],"tags":[23],"class_list":["post-92208","post","type-post","status-publish","format-standard","has-post-thumbnail","hentry","category-ciudad","category-estado","tag-destacado"],"_links":{"self":[{"href":"https:\/\/notiissa.mx\/index.php?rest_route=\/wp\/v2\/posts\/92208","targetHints":{"allow":["GET"]}}],"collection":[{"href":"https:\/\/notiissa.mx\/index.php?rest_route=\/wp\/v2\/posts"}],"about":[{"href":"https:\/\/notiissa.mx\/index.php?rest_route=\/wp\/v2\/types\/post"}],"author":[{"embeddable":true,"href":"https:\/\/notiissa.mx\/index.php?rest_route=\/wp\/v2\/users\/1"}],"replies":[{"embeddable":true,"href":"https:\/\/notiissa.mx\/index.php?rest_route=%2Fwp%2Fv2%2Fcomments&post=92208"}],"version-history":[{"count":1,"href":"https:\/\/notiissa.mx\/index.php?rest_route=\/wp\/v2\/posts\/92208\/revisions"}],"predecessor-version":[{"id":92210,"href":"https:\/\/notiissa.mx\/index.php?rest_route=\/wp\/v2\/posts\/92208\/revisions\/92210"}],"wp:featuredmedia":[{"embeddable":true,"href":"https:\/\/notiissa.mx\/index.php?rest_route=\/wp\/v2\/media\/92209"}],"wp:attachment":[{"href":"https:\/\/notiissa.mx\/index.php?rest_route=%2Fwp%2Fv2%2Fmedia&parent=92208"}],"wp:term":[{"taxonomy":"category","embeddable":true,"href":"https:\/\/notiissa.mx\/index.php?rest_route=%2Fwp%2Fv2%2Fcategories&post=92208"},{"taxonomy":"post_tag","embeddable":true,"href":"https:\/\/notiissa.mx\/index.php?rest_route=%2Fwp%2Fv2%2Ftags&post=92208"}],"curies":[{"name":"wp","href":"https:\/\/api.w.org\/{rel}","templated":true}]}}