{"id":92194,"date":"2026-04-27T14:12:51","date_gmt":"2026-04-27T20:12:51","guid":{"rendered":"https:\/\/notiissa.mx\/?p=92194"},"modified":"2026-04-27T14:12:51","modified_gmt":"2026-04-27T20:12:51","slug":"reconocen-a-adela-velarde-perez-la-adelita-en-letras-doradas","status":"publish","type":"post","link":"https:\/\/notiissa.mx\/?p=92194","title":{"rendered":"Reconocen a Adela Velarde P\u00e9rez \u201cLa Adelita\u201d en letras doradas"},"content":{"rendered":"<p><strong>En el Congreso de Chihuahua.<\/strong><\/p>\n<p>&#8211;<strong>Se autoriza convenio de colaboraci\u00f3n para realizar declaraciones patrimoniales de las y los trabajadores del Poder Legislativo.<\/strong><\/p>\n<hr \/>\n<p><strong>Chihuahua.-<\/strong> Integrantes de la Junta de Coordinaci\u00f3n Pol\u00edtica (JUCOPO), aprobaron el proyecto de dictamen que contiene la propuesta para inscribir en los Muros del Sal\u00f3n de Sesiones del Congreso del Estado, con letras doradas, la leyenda: Adela Velarde P\u00e9rez, \u201cLa Adelita\u201d.<\/p>\n<p>Lo anterior, con el fin de rendir un reconocimiento a la participaci\u00f3n en uno de los momentos m\u00e1s significativos del pa\u00eds, como lo fue la Revoluci\u00f3n Mexicana; naci\u00f3 el 8 de septiembre de 1900 en Ciudad Ju\u00e1rez, Chihuahua, nieta del General Rafael Velarde. A sus 13 a\u00f1os, decidi\u00f3 incorporarse al movimiento revolucionario, integr\u00e1ndose a la Cruz Blanca Constitucionalista, que brindaba atenci\u00f3n m\u00e9dica a los combatientes en condiciones de alta precariedad.<\/p>\n<p>En consecuencia, trasciende el \u00e1mbito individual para constituirse en un referente hist\u00f3rico, social y cultural y con ello, no solo honrar su memoria, sino que se busca visibilizar y reivindicar la participaci\u00f3n de las mujeres en los procesos de transformaci\u00f3n nacional, en congruencia con los principios de igualdad, identidad y justicia hist\u00f3rica.<\/p>\n<p>Esta propuesta realizada por el Grupo Parlamentario de MORENA, ir\u00e1 acompa\u00f1ada de la moci\u00f3n hecha por el Grupo Parlamentario del PAN para que los nombres en los muros de honor, sean colocados de manera alternada y que se priorice a las mujeres destacadas.<\/p>\n<p>Tambi\u00e9n, se aprob\u00f3 el proyecto de dictamen por el que se declara al a\u00f1o 2027, como: \u201cA\u00f1o 2027, Centenario de la Fundaci\u00f3n del Municipio de las 3 Culturas, Cuauht\u00e9moc, Chihuahua\u201d, con el fin de que rendir homenaje a la historia, identidad y cultura de dicho municipio; instituciones p\u00fablicas de los tres poderes del Estado y Organismos Constitucionales Aut\u00f3nomos, as\u00ed como los 67 Ayuntamientos del Estado, deber\u00e1n imprimir la leyenda referida en sus documentos oficiales.<\/p>\n<p>Por otro lado, se aprob\u00f3 la realizaci\u00f3n del Proceso de Participaci\u00f3n, Consulta Estrecha y de Colaboraci\u00f3n Activa de Personas con Discapacidad para la elaboraci\u00f3n de la Legislaci\u00f3n correspondiente; las iniciativas que formar\u00e1n parte del proceso aludido, son las que se encuentren presentadas al d\u00eda 30 de abril del 2026, posteriormente se elaborar\u00e1 la convocatoria que establezca plazos, mecanismos de participaci\u00f3n y sedes para la misma.<\/p>\n<p>&nbsp;<\/p>\n","protected":false},"excerpt":{"rendered":"<p>En el Congreso de Chihuahua. &#8211;Se autoriza convenio de colaboraci\u00f3n para realizar declaraciones patrimoniales de las y los trabajadores del Poder Legislativo. Chihuahua.- Integrantes de la Junta de Coordinaci\u00f3n Pol\u00edtica (JUCOPO), aprobaron el proyecto de dictamen que contiene la propuesta para inscribir en los Muros del Sal\u00f3n de Sesiones del Congreso del Estado, con letras [&hellip;]<\/p>\n","protected":false},"author":1,"featured_media":92195,"comment_status":"closed","ping_status":"open","sticky":false,"template":"","format":"standard","meta":{"rop_custom_images_group":[],"rop_custom_messages_group":[],"rop_publish_now":"initial","rop_publish_now_accounts":[],"rop_publish_now_history":[],"rop_publish_now_status":"pending","footnotes":""},"categories":[67,72],"tags":[23],"class_list":["post-92194","post","type-post","status-publish","format-standard","has-post-thumbnail","hentry","category-ciudad","category-estado","tag-destacado"],"_links":{"self":[{"href":"https:\/\/notiissa.mx\/index.php?rest_route=\/wp\/v2\/posts\/92194","targetHints":{"allow":["GET"]}}],"collection":[{"href":"https:\/\/notiissa.mx\/index.php?rest_route=\/wp\/v2\/posts"}],"about":[{"href":"https:\/\/notiissa.mx\/index.php?rest_route=\/wp\/v2\/types\/post"}],"author":[{"embeddable":true,"href":"https:\/\/notiissa.mx\/index.php?rest_route=\/wp\/v2\/users\/1"}],"replies":[{"embeddable":true,"href":"https:\/\/notiissa.mx\/index.php?rest_route=%2Fwp%2Fv2%2Fcomments&post=92194"}],"version-history":[{"count":1,"href":"https:\/\/notiissa.mx\/index.php?rest_route=\/wp\/v2\/posts\/92194\/revisions"}],"predecessor-version":[{"id":92196,"href":"https:\/\/notiissa.mx\/index.php?rest_route=\/wp\/v2\/posts\/92194\/revisions\/92196"}],"wp:featuredmedia":[{"embeddable":true,"href":"https:\/\/notiissa.mx\/index.php?rest_route=\/wp\/v2\/media\/92195"}],"wp:attachment":[{"href":"https:\/\/notiissa.mx\/index.php?rest_route=%2Fwp%2Fv2%2Fmedia&parent=92194"}],"wp:term":[{"taxonomy":"category","embeddable":true,"href":"https:\/\/notiissa.mx\/index.php?rest_route=%2Fwp%2Fv2%2Fcategories&post=92194"},{"taxonomy":"post_tag","embeddable":true,"href":"https:\/\/notiissa.mx\/index.php?rest_route=%2Fwp%2Fv2%2Ftags&post=92194"}],"curies":[{"name":"wp","href":"https:\/\/api.w.org\/{rel}","templated":true}]}}