{"id":92181,"date":"2026-04-27T11:12:50","date_gmt":"2026-04-27T17:12:50","guid":{"rendered":"https:\/\/notiissa.mx\/?p=92181"},"modified":"2026-04-27T11:12:50","modified_gmt":"2026-04-27T17:12:50","slug":"unesco-extiende-vigencia-de-catedra-de-comunicacion-para-la-paz","status":"publish","type":"post","link":"https:\/\/notiissa.mx\/?p=92181","title":{"rendered":"UNESCO extiende vigencia de C\u00e1tedra de Comunicaci\u00f3n para La Paz"},"content":{"rendered":"<p><strong>A la Facultad de Filosof\u00eda y Letras de la UACH.<\/strong><\/p>\n<hr \/>\n<p><strong>Ciudad de Chihuahua.-<\/strong> La Organizaci\u00f3n de las Naciones Unidas para la Educaci\u00f3n, la Ciencia y la Cultura (UNESCO) determin\u00f3 extender hasta el a\u00f1o 2030 la vigencia de la C\u00e1tedra UNESCO \u00abComunicaci\u00f3n para La Paz\u00bb, con sede en la Facultad de Filosof\u00eda y Letras de la Universidad Aut\u00f3noma de Chihuahua.<\/p>\n<p>La decisi\u00f3n se tom\u00f3 tras una evaluaci\u00f3n rigurosa de cuatro a\u00f1os de gesti\u00f3n (2022\u20132026), en la que se reconoci\u00f3 el trabajo encabezado por la Dra. Nithia Castorena-S\u00e1enz, destacando su alineaci\u00f3n con la misi\u00f3n de la UNESCO de promover la paz, el desarrollo sostenible y la dignidad humana a trav\u00e9s de la educaci\u00f3n, la cultura y la comunicaci\u00f3n.<\/p>\n<p>Durante este periodo, la c\u00e1tedra ha consolidado espacios de formaci\u00f3n, di\u00e1logo y vinculaci\u00f3n entre actores acad\u00e9micos, sociales y gubernamentales, enfocados en la construcci\u00f3n de paz desde \u00e1mbitos como los derechos humanos, la comunicaci\u00f3n y la prevenci\u00f3n de las violencias. Asimismo, ha tenido presencia tanto en el entorno acad\u00e9mico como en la sociedad civil organizada.<\/p>\n<p>Entre los logros m\u00e1s relevantes se encuentra la implementaci\u00f3n del diplomado \u00abAndamios por la paz\u00bb (2023), que permiti\u00f3 la formaci\u00f3n de 25 personas en temas de cultura de paz, as\u00ed como la participaci\u00f3n en m\u00e1s de 30 eventos acad\u00e9micos y la publicaci\u00f3n del libro \u00abHistorias compartidas: Narrativas de mujeres que prevalecieron a las violencias en Chihuahua\u00bb, en colaboraci\u00f3n con la Secretar\u00eda de Cultura estatal.<\/p>\n","protected":false},"excerpt":{"rendered":"<p>A la Facultad de Filosof\u00eda y Letras de la UACH. Ciudad de Chihuahua.- La Organizaci\u00f3n de las Naciones Unidas para la Educaci\u00f3n, la Ciencia y la Cultura (UNESCO) determin\u00f3 extender hasta el a\u00f1o 2030 la vigencia de la C\u00e1tedra UNESCO \u00abComunicaci\u00f3n para La Paz\u00bb, con sede en la Facultad de Filosof\u00eda y Letras de la [&hellip;]<\/p>\n","protected":false},"author":1,"featured_media":92182,"comment_status":"closed","ping_status":"open","sticky":false,"template":"","format":"standard","meta":{"rop_custom_images_group":[],"rop_custom_messages_group":[],"rop_publish_now":"initial","rop_publish_now_accounts":[],"rop_publish_now_history":[],"rop_publish_now_status":"pending","footnotes":""},"categories":[67,64,72],"tags":[23],"class_list":["post-92181","post","type-post","status-publish","format-standard","has-post-thumbnail","hentry","category-ciudad","category-educacion","category-estado","tag-destacado"],"_links":{"self":[{"href":"https:\/\/notiissa.mx\/index.php?rest_route=\/wp\/v2\/posts\/92181","targetHints":{"allow":["GET"]}}],"collection":[{"href":"https:\/\/notiissa.mx\/index.php?rest_route=\/wp\/v2\/posts"}],"about":[{"href":"https:\/\/notiissa.mx\/index.php?rest_route=\/wp\/v2\/types\/post"}],"author":[{"embeddable":true,"href":"https:\/\/notiissa.mx\/index.php?rest_route=\/wp\/v2\/users\/1"}],"replies":[{"embeddable":true,"href":"https:\/\/notiissa.mx\/index.php?rest_route=%2Fwp%2Fv2%2Fcomments&post=92181"}],"version-history":[{"count":1,"href":"https:\/\/notiissa.mx\/index.php?rest_route=\/wp\/v2\/posts\/92181\/revisions"}],"predecessor-version":[{"id":92183,"href":"https:\/\/notiissa.mx\/index.php?rest_route=\/wp\/v2\/posts\/92181\/revisions\/92183"}],"wp:featuredmedia":[{"embeddable":true,"href":"https:\/\/notiissa.mx\/index.php?rest_route=\/wp\/v2\/media\/92182"}],"wp:attachment":[{"href":"https:\/\/notiissa.mx\/index.php?rest_route=%2Fwp%2Fv2%2Fmedia&parent=92181"}],"wp:term":[{"taxonomy":"category","embeddable":true,"href":"https:\/\/notiissa.mx\/index.php?rest_route=%2Fwp%2Fv2%2Fcategories&post=92181"},{"taxonomy":"post_tag","embeddable":true,"href":"https:\/\/notiissa.mx\/index.php?rest_route=%2Fwp%2Fv2%2Ftags&post=92181"}],"curies":[{"name":"wp","href":"https:\/\/api.w.org\/{rel}","templated":true}]}}