{"id":92175,"date":"2026-04-27T10:52:06","date_gmt":"2026-04-27T16:52:06","guid":{"rendered":"https:\/\/notiissa.mx\/?p=92175"},"modified":"2026-04-27T10:52:06","modified_gmt":"2026-04-27T16:52:06","slug":"mexico-y-guatemala-hermanados-en-apoyo-a-la-migracion-perez","status":"publish","type":"post","link":"https:\/\/notiissa.mx\/?p=92175","title":{"rendered":"\u201cM\u00e9xico y Guatemala hermanados en apoyo a la migraci\u00f3n\u201d: P\u00e9rez"},"content":{"rendered":"<p><strong>Acuerdo legislativos para hacer m\u00e1s humana la asistencia migratoria: P\u00e9rez Reyes.<\/strong><\/p>\n<hr \/>\n<p><strong>Ciudad Ju\u00e1rez, Chihuahua.-<\/strong> La diputada de morena, Mar\u00eda Antonieta P\u00e9rez Reyes, en su calidad de presidenta de la Comisi\u00f3n de Asuntos Fronterizos y Atenci\u00f3n al Migrante, dio a conocer que este lunes 27 de abril sostuvo una reuni\u00f3n en el Consulado de Guatemala en Ciudad Ju\u00e1rez con el Viceministro de Relaciones Exteriores de Guatemala, Eduardo Antonio Escobedo Sanabria y con el Embajador de Guatemala en M\u00e9xico, Edgar Guti\u00e9rrez, as\u00ed como el C\u00f3nsul de Guatemala en Ciudad Ju\u00e1rez, Carlos Ranferi G\u00f3mez.<\/p>\n<p>El objetivo dicha reuni\u00f3n fue para avanzar en acuerdo legislativos para hacer m\u00e1s humana la asistencia migratoria. En concreto se trabaj\u00f3 sobre el cronograma que se llevar\u00e1 a cabo en el Congreso, en la comisi\u00f3n que la diputada preside, con el prop\u00f3sito de que la reforma de iniciativa de ley para actualizar el trato el marco jur\u00eddico que los migrantes deben de tener en el estado de Chihuahua sea una realidad.<\/p>\n<p>\u201cSe busca que en esta legislatura podamos aprobar esa reforma, ya que el tema de migraci\u00f3n se ha quedado muy, muy por abajo de la realidad de lo que se necesita en cuanto al marco jur\u00eddico de esta ley\u201d, expuso Mar\u00eda Antonieta P\u00e9rez.<\/p>\n<p>Detall\u00f3 que se encuentran comprometidos como integrantes y como presidenta de la comisi\u00f3n a hablar con el Ejecutivo del Estado para que ese reglamento que est\u00e1 pendiente desde 2016 se pueda, llevar a cabo.<\/p>\n<p>\u201cTenemos que tomar en cuenta que una ley, aunque sea reformada y actualizada, si no tiene un reglamento ejecutor, es como si no hubiera ley. Ese es el acuerdo que se tom\u00f3 en esta reuni\u00f3n importante\u201d, dijo.<\/p>\n<p>P\u00e9rez Reyes, argument\u00f3 que tanto Guatemala, como M\u00e9xico, tiene ese gran problema de migraci\u00f3n hacia Estados Unidos. En el caso del primero se tiene una poblaci\u00f3n en su pa\u00eds de 18 millones de habitantes y alrededor de 3 millones y medio est\u00e1n migrando o est\u00e1n como migrantes en Estados Unidos actualmente.<\/p>\n<p>\u201cGuatemala y M\u00e9xico han resentido las pol\u00edticas, del actual presidente republicano en el vecino pa\u00eds y obviamente tenemos que tenderles la mano a nuestros connacionales, a los compatriotas de otros pa\u00edses hermanos como Guatemala, como Honduras, como El Salvador, porque est\u00e1n viviendo tiempos dif\u00edciles en esa repatriaci\u00f3n, en su paso por M\u00e9xico para querer internarse en Estados Unidos\u201d, enfatiz\u00f3 la legisladora morenista.<\/p>\n<p>Tambi\u00e9n, Mar\u00eda Antonieta P\u00e9rez agreg\u00f3 que el consulado en Ciudad Ju\u00e1rez trabajar\u00e1 de la mano con las autoridades, con el sector empresarial, para que los guatemaltecos que han decidido ya residir en esta ciudad tengan una agilizaci\u00f3n en sus tr\u00e1mites migratorios y puedan tener acceso de manera legal a empleo.<\/p>\n<p>\u201cCiudad Ju\u00e1rez siempre recibe con los brazos abiertos a aquellos ciudadanos, no importa de qu\u00e9 pa\u00eds, vengan para que la econom\u00eda de la ciudad crezca y ellos encuentren una forma m\u00e1s digna de asentarse con todo y sus familias\u201d, finaliz\u00f3.<\/p>\n","protected":false},"excerpt":{"rendered":"<p>Acuerdo legislativos para hacer m\u00e1s humana la asistencia migratoria: P\u00e9rez Reyes. Ciudad Ju\u00e1rez, Chihuahua.- La diputada de morena, Mar\u00eda Antonieta P\u00e9rez Reyes, en su calidad de presidenta de la Comisi\u00f3n de Asuntos Fronterizos y Atenci\u00f3n al Migrante, dio a conocer que este lunes 27 de abril sostuvo una reuni\u00f3n en el Consulado de Guatemala en [&hellip;]<\/p>\n","protected":false},"author":1,"featured_media":92176,"comment_status":"closed","ping_status":"open","sticky":false,"template":"","format":"standard","meta":{"rop_custom_images_group":[],"rop_custom_messages_group":[],"rop_publish_now":"initial","rop_publish_now_accounts":[],"rop_publish_now_history":[],"rop_publish_now_status":"pending","footnotes":""},"categories":[67,72],"tags":[23],"class_list":["post-92175","post","type-post","status-publish","format-standard","has-post-thumbnail","hentry","category-ciudad","category-estado","tag-destacado"],"_links":{"self":[{"href":"https:\/\/notiissa.mx\/index.php?rest_route=\/wp\/v2\/posts\/92175","targetHints":{"allow":["GET"]}}],"collection":[{"href":"https:\/\/notiissa.mx\/index.php?rest_route=\/wp\/v2\/posts"}],"about":[{"href":"https:\/\/notiissa.mx\/index.php?rest_route=\/wp\/v2\/types\/post"}],"author":[{"embeddable":true,"href":"https:\/\/notiissa.mx\/index.php?rest_route=\/wp\/v2\/users\/1"}],"replies":[{"embeddable":true,"href":"https:\/\/notiissa.mx\/index.php?rest_route=%2Fwp%2Fv2%2Fcomments&post=92175"}],"version-history":[{"count":1,"href":"https:\/\/notiissa.mx\/index.php?rest_route=\/wp\/v2\/posts\/92175\/revisions"}],"predecessor-version":[{"id":92177,"href":"https:\/\/notiissa.mx\/index.php?rest_route=\/wp\/v2\/posts\/92175\/revisions\/92177"}],"wp:featuredmedia":[{"embeddable":true,"href":"https:\/\/notiissa.mx\/index.php?rest_route=\/wp\/v2\/media\/92176"}],"wp:attachment":[{"href":"https:\/\/notiissa.mx\/index.php?rest_route=%2Fwp%2Fv2%2Fmedia&parent=92175"}],"wp:term":[{"taxonomy":"category","embeddable":true,"href":"https:\/\/notiissa.mx\/index.php?rest_route=%2Fwp%2Fv2%2Fcategories&post=92175"},{"taxonomy":"post_tag","embeddable":true,"href":"https:\/\/notiissa.mx\/index.php?rest_route=%2Fwp%2Fv2%2Ftags&post=92175"}],"curies":[{"name":"wp","href":"https:\/\/api.w.org\/{rel}","templated":true}]}}