{"id":92166,"date":"2026-04-26T12:27:21","date_gmt":"2026-04-26T18:27:21","guid":{"rendered":"https:\/\/notiissa.mx\/?p=92166"},"modified":"2026-04-26T12:27:21","modified_gmt":"2026-04-26T18:27:21","slug":"marco-bonilla-celebra-la-ninez-en-camargo","status":"publish","type":"post","link":"https:\/\/notiissa.mx\/?p=92166","title":{"rendered":"Marco Bonilla celebra la ni\u00f1ez en Camargo"},"content":{"rendered":"<p><strong>Junto a 2 mil 500 familias.<\/strong><br \/>\n<strong>Por invitaci\u00f3n del alcalde Jorge Aldana, el mun\u00edcipe chihuahuense se sum\u00f3 al Mega Festival de la Ni\u00f1ez.<\/strong><\/p>\n<hr \/>\n<p><strong>Camargo, Chihuahua.-<\/strong> Como parte de su gira de trabajo por los municipios de Aldama, Saucillo y Camargo, el alcalde de Chihuahua, Marco Bonilla, atendi\u00f3 la invitaci\u00f3n del alcalde Jorge Aldana para participar en el Mega Festival de la Ni\u00f1ez, un evento que reuni\u00f3 a m\u00e1s de 2 mil 500 camarguenses en el campo de futbol de la colonia Revoluci\u00f3n.<\/p>\n<p>Entre juegos mec\u00e1nicos, inflables, pinta caritas, comida y sorpresas, las familias de Camargo vivieron una jornada de celebraci\u00f3n que Marco Bonilla acompa\u00f1\u00f3 de principio a fin, recorriendo los stands y conviviendo directamente con la gente.<\/p>\n<p>En su mensaje, Bonilla se\u00f1al\u00f3 que Chihuahua y Camargo ya trabajan de manera conjunta en pol\u00edticas p\u00fablicas para la ni\u00f1ez y las familias, y que esa colaboraci\u00f3n seguir\u00e1 creciendo. \u00abLo mejor que un alcalde puede ver es la sonrisa de ni\u00f1as y ni\u00f1os que tienen oportunidades, espacios de recreaci\u00f3n y mayor calidad de vida\u00bb, expres\u00f3.<\/p>\n<p>Jorge Aldana reconoci\u00f3 el compromiso de Marco Bonilla con la infancia y reafirm\u00f3 que la familia es el eje central de la agenda de Camargo, municipio reconocido como cuna de artistas chihuahuenses.<\/p>\n<p>La gira de trabajo de este fin de semana refleja el estilo de gesti\u00f3n de Bonilla: conocer de cerca las realidades del estado y construir puentes de colaboraci\u00f3n con quienes gobiernan otros municipios.<\/p>\n","protected":false},"excerpt":{"rendered":"<p>Junto a 2 mil 500 familias. Por invitaci\u00f3n del alcalde Jorge Aldana, el mun\u00edcipe chihuahuense se sum\u00f3 al Mega Festival de la Ni\u00f1ez. Camargo, Chihuahua.- Como parte de su gira de trabajo por los municipios de Aldama, Saucillo y Camargo, el alcalde de Chihuahua, Marco Bonilla, atendi\u00f3 la invitaci\u00f3n del alcalde Jorge Aldana para participar [&hellip;]<\/p>\n","protected":false},"author":1,"featured_media":92167,"comment_status":"closed","ping_status":"open","sticky":false,"template":"","format":"standard","meta":{"rop_custom_images_group":[],"rop_custom_messages_group":[],"rop_publish_now":"initial","rop_publish_now_accounts":[],"rop_publish_now_history":[],"rop_publish_now_status":"pending","footnotes":""},"categories":[67,72],"tags":[],"class_list":["post-92166","post","type-post","status-publish","format-standard","has-post-thumbnail","hentry","category-ciudad","category-estado"],"_links":{"self":[{"href":"https:\/\/notiissa.mx\/index.php?rest_route=\/wp\/v2\/posts\/92166","targetHints":{"allow":["GET"]}}],"collection":[{"href":"https:\/\/notiissa.mx\/index.php?rest_route=\/wp\/v2\/posts"}],"about":[{"href":"https:\/\/notiissa.mx\/index.php?rest_route=\/wp\/v2\/types\/post"}],"author":[{"embeddable":true,"href":"https:\/\/notiissa.mx\/index.php?rest_route=\/wp\/v2\/users\/1"}],"replies":[{"embeddable":true,"href":"https:\/\/notiissa.mx\/index.php?rest_route=%2Fwp%2Fv2%2Fcomments&post=92166"}],"version-history":[{"count":1,"href":"https:\/\/notiissa.mx\/index.php?rest_route=\/wp\/v2\/posts\/92166\/revisions"}],"predecessor-version":[{"id":92168,"href":"https:\/\/notiissa.mx\/index.php?rest_route=\/wp\/v2\/posts\/92166\/revisions\/92168"}],"wp:featuredmedia":[{"embeddable":true,"href":"https:\/\/notiissa.mx\/index.php?rest_route=\/wp\/v2\/media\/92167"}],"wp:attachment":[{"href":"https:\/\/notiissa.mx\/index.php?rest_route=%2Fwp%2Fv2%2Fmedia&parent=92166"}],"wp:term":[{"taxonomy":"category","embeddable":true,"href":"https:\/\/notiissa.mx\/index.php?rest_route=%2Fwp%2Fv2%2Fcategories&post=92166"},{"taxonomy":"post_tag","embeddable":true,"href":"https:\/\/notiissa.mx\/index.php?rest_route=%2Fwp%2Fv2%2Ftags&post=92166"}],"curies":[{"name":"wp","href":"https:\/\/api.w.org\/{rel}","templated":true}]}}