{"id":92144,"date":"2026-04-25T15:38:32","date_gmt":"2026-04-25T21:38:32","guid":{"rendered":"https:\/\/notiissa.mx\/?p=92144"},"modified":"2026-04-25T15:38:32","modified_gmt":"2026-04-25T21:38:32","slug":"pide-alcalde-defender-a-chihuahua-con-firmeza-y-unidad","status":"publish","type":"post","link":"https:\/\/notiissa.mx\/?p=92144","title":{"rendered":"Pide Alcalde defender a Chihuahua con firmeza y unidad"},"content":{"rendered":"<p>El alcalde de Chihuahua, Marco Antonio Bonilla Mendoza, sostuvo un encuentro con l\u00edderes, empresarios, productores y ciudadanos de Aldama, con quienes dialog\u00f3 sobre los retos que enfrenta el estado y la importancia de trabajar en conjunto para enfrentarlos.<\/p>\n<p>Durante la reuni\u00f3n, representantes de sectores agr\u00edcola, ganadero, comercial y empresarial compartieron preocupaciones sobre la situaci\u00f3n actual, marcada por la disminuci\u00f3n de apoyos al campo, la p\u00e9rdida de empleos y problemas de seguridad que impactan directamente en la regi\u00f3n.<\/p>\n<p>En este contexto, Bonilla Mendoza, llam\u00f3 a cerrar filas y actuar con determinaci\u00f3n ante los desaf\u00edos que enfrenta Chihuahua.<\/p>\n<p>\u201cNecesitamos defender a Chihuahua y darlo todo por este estado que nos ha dado todo, defenderlo como se defiende lo sagrado, con valent\u00eda, coraje y firmeza; porque cada chihuahuense lo vale\u201d, expres\u00f3 Bonilla.<\/p>\n<p>El alcalde se\u00f1al\u00f3 que, adem\u00e1s de los retos, existen oportunidades importantes para impulsar el crecimiento de la regi\u00f3n, particularmente en materia tur\u00edstica, donde Aldama y Chihuahua Capital pueden generar una mayor proyecci\u00f3n conjunta.<\/p>\n<p>Durante el encuentro, las y los asistentes plantearon diversas necesidades y propuestas, con el objetivo de construir una agenda conjunta que responda a los retos de la regi\u00f3n.<\/p>\n","protected":false},"excerpt":{"rendered":"<p>El alcalde de Chihuahua, Marco Antonio Bonilla Mendoza, sostuvo un encuentro con l\u00edderes, empresarios, productores y ciudadanos de Aldama, con quienes dialog\u00f3 sobre los retos que enfrenta el estado y la importancia de trabajar en conjunto para enfrentarlos. Durante la reuni\u00f3n, representantes de sectores agr\u00edcola, ganadero, comercial y empresarial compartieron preocupaciones sobre la situaci\u00f3n actual, [&hellip;]<\/p>\n","protected":false},"author":1,"featured_media":92145,"comment_status":"closed","ping_status":"open","sticky":false,"template":"","format":"standard","meta":{"rop_custom_images_group":[],"rop_custom_messages_group":[],"rop_publish_now":"initial","rop_publish_now_accounts":[],"rop_publish_now_history":[],"rop_publish_now_status":"pending","footnotes":""},"categories":[67,72],"tags":[],"class_list":["post-92144","post","type-post","status-publish","format-standard","has-post-thumbnail","hentry","category-ciudad","category-estado"],"_links":{"self":[{"href":"https:\/\/notiissa.mx\/index.php?rest_route=\/wp\/v2\/posts\/92144","targetHints":{"allow":["GET"]}}],"collection":[{"href":"https:\/\/notiissa.mx\/index.php?rest_route=\/wp\/v2\/posts"}],"about":[{"href":"https:\/\/notiissa.mx\/index.php?rest_route=\/wp\/v2\/types\/post"}],"author":[{"embeddable":true,"href":"https:\/\/notiissa.mx\/index.php?rest_route=\/wp\/v2\/users\/1"}],"replies":[{"embeddable":true,"href":"https:\/\/notiissa.mx\/index.php?rest_route=%2Fwp%2Fv2%2Fcomments&post=92144"}],"version-history":[{"count":1,"href":"https:\/\/notiissa.mx\/index.php?rest_route=\/wp\/v2\/posts\/92144\/revisions"}],"predecessor-version":[{"id":92146,"href":"https:\/\/notiissa.mx\/index.php?rest_route=\/wp\/v2\/posts\/92144\/revisions\/92146"}],"wp:featuredmedia":[{"embeddable":true,"href":"https:\/\/notiissa.mx\/index.php?rest_route=\/wp\/v2\/media\/92145"}],"wp:attachment":[{"href":"https:\/\/notiissa.mx\/index.php?rest_route=%2Fwp%2Fv2%2Fmedia&parent=92144"}],"wp:term":[{"taxonomy":"category","embeddable":true,"href":"https:\/\/notiissa.mx\/index.php?rest_route=%2Fwp%2Fv2%2Fcategories&post=92144"},{"taxonomy":"post_tag","embeddable":true,"href":"https:\/\/notiissa.mx\/index.php?rest_route=%2Fwp%2Fv2%2Ftags&post=92144"}],"curies":[{"name":"wp","href":"https:\/\/api.w.org\/{rel}","templated":true}]}}