{"id":92030,"date":"2026-04-23T11:58:19","date_gmt":"2026-04-23T17:58:19","guid":{"rendered":"https:\/\/notiissa.mx\/?p=92030"},"modified":"2026-04-23T11:58:19","modified_gmt":"2026-04-23T17:58:19","slug":"presenta-sheinbaum-el-abc-de-las-emociones","status":"publish","type":"post","link":"https:\/\/notiissa.mx\/?p=92030","title":{"rendered":"Presenta Sheinbaum \u00abEl ABC de las Emociones\u00bb"},"content":{"rendered":"<p><strong>* \u201cEs una estrategia integral de todas y todos los mexicanos, porque cuidarnos es una actividad colectiva\u201d: Sheinbaum.<\/strong><\/p>\n<p><strong>* Son seis ejes: 1. Campa\u00f1a masiva de sensibilizaci\u00f3n; 2. 18 millones de Gu\u00edas para j\u00f3venes; 3. Actividades en escuelas; 4. Asambleas informativas; 5. Pl\u00e1ticas interactivas y 6. Fortalecimiento de la L\u00ednea de la vida.<\/strong><\/p>\n<p><strong>* A partir de mayo arranca la Campa\u00f1a masiva de sensibilizaci\u00f3n; actividades en escuelas y las Gu\u00edas del ABC de las emociones estar\u00e1n disponibles en su versi\u00f3n digital y se repartir\u00e1n de forma f\u00edsica el siguiente ciclo escolar.<\/strong><\/p>\n<hr \/>\n<p><strong>Ciudad de M\u00e9xico.-<\/strong> La Presidenta de M\u00e9xico, Claudia Sheinbaum Pardo, present\u00f3 la Estrategia Nacional de Atenci\u00f3n a la Salud Mental para las y los J\u00f3venes: \u201cEl ABC de las emociones\u201d, la cual tiene seis ejes principales: 1. Campa\u00f1a masiva de sensibilizaci\u00f3n; 2. 18 millones de Gu\u00edas para j\u00f3venes, madres, padres, cuidadores y docentes; 3. Actividades en las escuelas; 4. Asambleas informativas; 5. Pl\u00e1ticas interactivas en las escuelas en las que participar\u00e1 la Jefa del Ejecutivo Federal y servidores p\u00fablicos; y 6. Fortalecimiento de la L\u00ednea de la vida, ya que el cuidado de todos es un acto colectivo.<\/p>\n<p>\u201cNuestro objetivo es fomentar los valores espirituales y atender a los j\u00f3venes que tienen alg\u00fan problema, que sienten que requieren atenci\u00f3n. Entonces, \u00bfd\u00f3nde vamos a encontrar esos j\u00f3venes? Principalmente en las escuelas, la gran mayor\u00eda de los j\u00f3venes est\u00e1n en las escuelas. Y tambi\u00e9n con el programa de Atenci\u00f3n a las Causas, donde vamos casa por casa en distintos territorios del pa\u00eds (&#8230;)<\/p>\n<p>\u201cEsta es una Estrategia Nacional. Y el centro es que cuidarnos es un acto colectivo. Este es un programa que no solo es del gobierno a los j\u00f3venes, sino es de la sociedad: es que padres y madres de familia participemos, que sepamos d\u00f3nde est\u00e1n nuestros hijos, que los atendamos. Y que tambi\u00e9n, si tenemos alguna duda, puedan acceder a alg\u00fan lugar para poder participar e informarse. Adem\u00e1s, por supuesto, tenemos todos los Centros de Salud y hospitales que tienen ya una atenci\u00f3n mucho m\u00e1s especializada para temas de salud mental, tanto atenci\u00f3n psicol\u00f3gica como, si es necesario, ya atenci\u00f3n psiqui\u00e1trica o incluso neurol\u00f3gica, si es necesario. Entonces, como ven, es una estrategia integral, es una estrategia de la sociedad, de todas y todos los mexicanos, porque cuidarnos es una actividad colectiva\u201d, puntualiz\u00f3 en la conferencia matutina: \u201cLas ma\u00f1aneras del pueblo\u201d.<\/p>\n<p>El secretario de Salud, David Kershenobich, se\u00f1al\u00f3 que la Encuesta Nacional de Consumo de Drogas, Alcohol y Tabaco (ENCODAT) 2025, revela que el 10 por ciento de los j\u00f3venes de entre 12 y 17 a\u00f1os muestran malestar psicol\u00f3gico; el 3.3 por ciento, ideaci\u00f3n suicida; el 18.1 por ciento tiene exposici\u00f3n a cualquier tipo de violencia; y el 4.7 por ciento han consumido alg\u00fan tipo de droga en un momento de su vida.<\/p>\n<p>Por ello, la Estrategia Nacional de Atenci\u00f3n a la Salud Mental para las y los j\u00f3venes promover\u00e1 el bienestar socioemocional mediante la prevenci\u00f3n temprana y oportuna, con abordajes diferenciados y no estigmatizantes; con enfoques escolar, cultural y comunitario; as\u00ed como la promoci\u00f3n del autocuidado y el deporte.<\/p>\n<hr \/>\n<p>* Impresi\u00f3n de 18 millones de Gu\u00edas del ABC de las emociones: para promover el cuidado de la salud mental en j\u00f3venes de tercero de secundaria y de bachillerato. Incluir\u00e1n informaci\u00f3n sobre c\u00f3mo trabajar las emociones, los efectos de las redes sociales y cu\u00e1ndo se debe de pedir ayuda.<br \/>\n* Intervenci\u00f3n en el aula: A partir de mayo habr\u00e1 espacios de una hora a la semana para hablar de las emociones, particularmente con estudiantes de tercero de secundaria y bachillerato.<br \/>\n* Asambleas Informativas: Se convocar\u00e1 a estudiantes, madres, padres, personas cuidadoras, directivos y docentes, con el objetivo de que en comunidad se acompa\u00f1e a las y los j\u00f3venes.<\/p>\n","protected":false},"excerpt":{"rendered":"<p>* \u201cEs una estrategia integral de todas y todos los mexicanos, porque cuidarnos es una actividad colectiva\u201d: Sheinbaum. * Son seis ejes: 1. Campa\u00f1a masiva de sensibilizaci\u00f3n; 2. 18 millones de Gu\u00edas para j\u00f3venes; 3. Actividades en escuelas; 4. Asambleas informativas; 5. Pl\u00e1ticas interactivas y 6. Fortalecimiento de la L\u00ednea de la vida. * A [&hellip;]<\/p>\n","protected":false},"author":1,"featured_media":92031,"comment_status":"closed","ping_status":"open","sticky":false,"template":"","format":"standard","meta":{"rop_custom_images_group":[],"rop_custom_messages_group":[],"rop_publish_now":"initial","rop_publish_now_accounts":[],"rop_publish_now_history":[],"rop_publish_now_status":"pending","footnotes":""},"categories":[67,72,71,60],"tags":[],"class_list":["post-92030","post","type-post","status-publish","format-standard","has-post-thumbnail","hentry","category-ciudad","category-estado","category-salud","category-sonnoticia"],"_links":{"self":[{"href":"https:\/\/notiissa.mx\/index.php?rest_route=\/wp\/v2\/posts\/92030","targetHints":{"allow":["GET"]}}],"collection":[{"href":"https:\/\/notiissa.mx\/index.php?rest_route=\/wp\/v2\/posts"}],"about":[{"href":"https:\/\/notiissa.mx\/index.php?rest_route=\/wp\/v2\/types\/post"}],"author":[{"embeddable":true,"href":"https:\/\/notiissa.mx\/index.php?rest_route=\/wp\/v2\/users\/1"}],"replies":[{"embeddable":true,"href":"https:\/\/notiissa.mx\/index.php?rest_route=%2Fwp%2Fv2%2Fcomments&post=92030"}],"version-history":[{"count":1,"href":"https:\/\/notiissa.mx\/index.php?rest_route=\/wp\/v2\/posts\/92030\/revisions"}],"predecessor-version":[{"id":92032,"href":"https:\/\/notiissa.mx\/index.php?rest_route=\/wp\/v2\/posts\/92030\/revisions\/92032"}],"wp:featuredmedia":[{"embeddable":true,"href":"https:\/\/notiissa.mx\/index.php?rest_route=\/wp\/v2\/media\/92031"}],"wp:attachment":[{"href":"https:\/\/notiissa.mx\/index.php?rest_route=%2Fwp%2Fv2%2Fmedia&parent=92030"}],"wp:term":[{"taxonomy":"category","embeddable":true,"href":"https:\/\/notiissa.mx\/index.php?rest_route=%2Fwp%2Fv2%2Fcategories&post=92030"},{"taxonomy":"post_tag","embeddable":true,"href":"https:\/\/notiissa.mx\/index.php?rest_route=%2Fwp%2Fv2%2Ftags&post=92030"}],"curies":[{"name":"wp","href":"https:\/\/api.w.org\/{rel}","templated":true}]}}