{"id":92008,"date":"2026-04-22T17:01:43","date_gmt":"2026-04-22T23:01:43","guid":{"rendered":"https:\/\/notiissa.mx\/?p=92008"},"modified":"2026-04-22T17:01:43","modified_gmt":"2026-04-22T23:01:43","slug":"destaca-saul-mireles-participacion-de-diputada-infantil","status":"publish","type":"post","link":"https:\/\/notiissa.mx\/?p=92008","title":{"rendered":"Destaca Sa\u00fal Mireles participaci\u00f3n de diputada infantil"},"content":{"rendered":"<p><strong>Del Distrito 14.<\/strong><\/p>\n<hr \/>\n<p>Cuauht\u00e9moc, Chihuahua.- En el marco del Parlamento Infantil 2026, el diputado Sa\u00fal Mireles, integrante del Grupo Parlamentario del PAN, visit\u00f3 la Escuela Primaria M\u00e1rtires de Chapultepec para reconocer a la alumna que representar\u00e1 al Distrito 14 en este importante ejercicio c\u00edvico que impulsa la participaci\u00f3n de ni\u00f1as y ni\u00f1os en la vida democr\u00e1tica y el trabajo legislativo.<\/p>\n<p>Durante el evento, el legislador hizo entrega de un reconocimiento a la estudiante de sexto grado, Abril Pauleth Rosas \u00c1lvarez, destacando su esfuerzo, compromiso y dedicaci\u00f3n. Asimismo, anunci\u00f3 un apoyo econ\u00f3mico destinado a la instituci\u00f3n educativa, con el objetivo de contribuir a mejoras en su infraestructura y fortalecer las condiciones de aprendizaje.<\/p>\n<p>\u00abCada idea que tienen, cada pregunta que hacen y cada sue\u00f1o que imaginan puede convertirse en algo importante. Participar, levantar la mano y atreverse a hablar es el primer paso para cambiar su entorno\u201d, manifest\u00f3 Mireles.<\/p>\n<p>Por su parte, la alumna Abril Pauleth Rosas \u00c1lvarez expres\u00f3 su agradecimiento por el reconocimiento recibido y la oportunidad de representar a su distrito, comprometi\u00e9ndose a dar lo mejor de s\u00ed en esta experiencia que fortalece su formaci\u00f3n c\u00edvica.<\/p>\n<p>El evento cont\u00f3 con la presencia de la directora de la instituci\u00f3n; Claudia Morales, el Presidente Seccional de \u00c1lvaro Obreg\u00f3n; Ignacio Malaxechevarria, el Coordinador de Educaci\u00f3n de la Regi\u00f3n Noroeste del Subsistema Estatal; Jorge Luis Romo, as\u00ed como la comunidad escolar.<\/p>\n","protected":false},"excerpt":{"rendered":"<p>Del Distrito 14. Cuauht\u00e9moc, Chihuahua.- En el marco del Parlamento Infantil 2026, el diputado Sa\u00fal Mireles, integrante del Grupo Parlamentario del PAN, visit\u00f3 la Escuela Primaria M\u00e1rtires de Chapultepec para reconocer a la alumna que representar\u00e1 al Distrito 14 en este importante ejercicio c\u00edvico que impulsa la participaci\u00f3n de ni\u00f1as y ni\u00f1os en la vida [&hellip;]<\/p>\n","protected":false},"author":1,"featured_media":92009,"comment_status":"closed","ping_status":"open","sticky":false,"template":"","format":"standard","meta":{"rop_custom_images_group":[],"rop_custom_messages_group":[],"rop_publish_now":"initial","rop_publish_now_accounts":[],"rop_publish_now_history":[],"rop_publish_now_status":"pending","footnotes":""},"categories":[67,72],"tags":[23],"class_list":["post-92008","post","type-post","status-publish","format-standard","has-post-thumbnail","hentry","category-ciudad","category-estado","tag-destacado"],"_links":{"self":[{"href":"https:\/\/notiissa.mx\/index.php?rest_route=\/wp\/v2\/posts\/92008","targetHints":{"allow":["GET"]}}],"collection":[{"href":"https:\/\/notiissa.mx\/index.php?rest_route=\/wp\/v2\/posts"}],"about":[{"href":"https:\/\/notiissa.mx\/index.php?rest_route=\/wp\/v2\/types\/post"}],"author":[{"embeddable":true,"href":"https:\/\/notiissa.mx\/index.php?rest_route=\/wp\/v2\/users\/1"}],"replies":[{"embeddable":true,"href":"https:\/\/notiissa.mx\/index.php?rest_route=%2Fwp%2Fv2%2Fcomments&post=92008"}],"version-history":[{"count":1,"href":"https:\/\/notiissa.mx\/index.php?rest_route=\/wp\/v2\/posts\/92008\/revisions"}],"predecessor-version":[{"id":92010,"href":"https:\/\/notiissa.mx\/index.php?rest_route=\/wp\/v2\/posts\/92008\/revisions\/92010"}],"wp:featuredmedia":[{"embeddable":true,"href":"https:\/\/notiissa.mx\/index.php?rest_route=\/wp\/v2\/media\/92009"}],"wp:attachment":[{"href":"https:\/\/notiissa.mx\/index.php?rest_route=%2Fwp%2Fv2%2Fmedia&parent=92008"}],"wp:term":[{"taxonomy":"category","embeddable":true,"href":"https:\/\/notiissa.mx\/index.php?rest_route=%2Fwp%2Fv2%2Fcategories&post=92008"},{"taxonomy":"post_tag","embeddable":true,"href":"https:\/\/notiissa.mx\/index.php?rest_route=%2Fwp%2Fv2%2Ftags&post=92008"}],"curies":[{"name":"wp","href":"https:\/\/api.w.org\/{rel}","templated":true}]}}