{"id":91996,"date":"2026-04-22T12:37:56","date_gmt":"2026-04-22T18:37:56","guid":{"rendered":"https:\/\/notiissa.mx\/?p=91996"},"modified":"2026-04-22T12:37:56","modified_gmt":"2026-04-22T18:37:56","slug":"pondran-mas-de-300-libros-a-volar-en-meoqui","status":"publish","type":"post","link":"https:\/\/notiissa.mx\/?p=91996","title":{"rendered":"Pondr\u00e1n m\u00e1s de 300 libros a volar en Meoqui"},"content":{"rendered":"<p><strong>En espacios p\u00fablicos y planteles educativos.<\/strong><\/p>\n<p><strong>Invitan a descubrir libros de todo tipo en distintos puntos del municipio, este jueves 23 de abril.<\/strong><\/p>\n<hr \/>\n<p><strong>Meoqui, Chihuahua.-<\/strong> En el marco del D\u00eda Internacional del Libro, el Gobierno Municipal de Meoqui, a trav\u00e9s de la Direcci\u00f3n de Desarrollo Social, llevar\u00e1 a cabo este jueves 23 de abril la actividad \u201cLibros a Volar\u201d, mediante la cual se pondr\u00e1n en circulaci\u00f3n m\u00e1s de 300 libros que ser\u00e1n escondidos en distintos puntos de la cabecera municipal, as\u00ed como en planteles educativos y podr\u00e1n encontrar y conservar de manera gratuita.<\/p>\n<p>As\u00ed lo inform\u00f3 Zenyith P\u00e9rez, directora de Desarrollo Social, quien destac\u00f3 que se contar\u00e1 con una amplia variedad de t\u00edtulos, que incluyen literatura juvenil e infantil, historia, novela, arquitectura, entre otros g\u00e9neros, con el objetivo de fomentar el h\u00e1bito de la lectura entre la poblaci\u00f3n.<\/p>\n<p>Asimismo, se\u00f1al\u00f3 que este a\u00f1o la din\u00e1mica tambi\u00e9n llegar\u00e1 a diversas escuelas de la cabecera municipal, donde, con el apoyo de docentes y directivos, los libros ser\u00e1n ocultados en diferentes \u00e1reas de los planteles para que los alumnos puedan encontrarlos durante el recreo.<\/p>\n<p>Finalmente, hizo una invitaci\u00f3n a la ciudadan\u00eda a sumarse a esta actividad y estar atentos a la p\u00e1gina oficial de la Presidencia Municipal de Meoqui, donde se dar\u00e1n a conocer los detalles para el arranque de esta din\u00e1mica.<\/p>\n","protected":false},"excerpt":{"rendered":"<p>En espacios p\u00fablicos y planteles educativos. Invitan a descubrir libros de todo tipo en distintos puntos del municipio, este jueves 23 de abril. Meoqui, Chihuahua.- En el marco del D\u00eda Internacional del Libro, el Gobierno Municipal de Meoqui, a trav\u00e9s de la Direcci\u00f3n de Desarrollo Social, llevar\u00e1 a cabo este jueves 23 de abril la [&hellip;]<\/p>\n","protected":false},"author":1,"featured_media":91997,"comment_status":"closed","ping_status":"open","sticky":false,"template":"","format":"standard","meta":{"rop_custom_images_group":[],"rop_custom_messages_group":[],"rop_publish_now":"initial","rop_publish_now_accounts":[],"rop_publish_now_history":[],"rop_publish_now_status":"pending","footnotes":""},"categories":[67,72],"tags":[23],"class_list":["post-91996","post","type-post","status-publish","format-standard","has-post-thumbnail","hentry","category-ciudad","category-estado","tag-destacado"],"_links":{"self":[{"href":"https:\/\/notiissa.mx\/index.php?rest_route=\/wp\/v2\/posts\/91996","targetHints":{"allow":["GET"]}}],"collection":[{"href":"https:\/\/notiissa.mx\/index.php?rest_route=\/wp\/v2\/posts"}],"about":[{"href":"https:\/\/notiissa.mx\/index.php?rest_route=\/wp\/v2\/types\/post"}],"author":[{"embeddable":true,"href":"https:\/\/notiissa.mx\/index.php?rest_route=\/wp\/v2\/users\/1"}],"replies":[{"embeddable":true,"href":"https:\/\/notiissa.mx\/index.php?rest_route=%2Fwp%2Fv2%2Fcomments&post=91996"}],"version-history":[{"count":1,"href":"https:\/\/notiissa.mx\/index.php?rest_route=\/wp\/v2\/posts\/91996\/revisions"}],"predecessor-version":[{"id":91998,"href":"https:\/\/notiissa.mx\/index.php?rest_route=\/wp\/v2\/posts\/91996\/revisions\/91998"}],"wp:featuredmedia":[{"embeddable":true,"href":"https:\/\/notiissa.mx\/index.php?rest_route=\/wp\/v2\/media\/91997"}],"wp:attachment":[{"href":"https:\/\/notiissa.mx\/index.php?rest_route=%2Fwp%2Fv2%2Fmedia&parent=91996"}],"wp:term":[{"taxonomy":"category","embeddable":true,"href":"https:\/\/notiissa.mx\/index.php?rest_route=%2Fwp%2Fv2%2Fcategories&post=91996"},{"taxonomy":"post_tag","embeddable":true,"href":"https:\/\/notiissa.mx\/index.php?rest_route=%2Fwp%2Fv2%2Ftags&post=91996"}],"curies":[{"name":"wp","href":"https:\/\/api.w.org\/{rel}","templated":true}]}}