{"id":91685,"date":"2026-04-14T10:41:21","date_gmt":"2026-04-14T16:41:21","guid":{"rendered":"https:\/\/notiissa.mx\/?p=91685"},"modified":"2026-04-14T10:41:21","modified_gmt":"2026-04-14T16:41:21","slug":"por-que-leon-xiv-realiza-una-gira-por-africa","status":"publish","type":"post","link":"https:\/\/notiissa.mx\/?p=91685","title":{"rendered":"\u00bfPor qu\u00e9 Le\u00f3n XIV realiza una gira por \u00c1frica?"},"content":{"rendered":"<p>El pont\u00edfice visitar\u00e1 cuatro pa\u00edses del continente africano durante 11 d\u00edas.<\/p>\n<p>El papa Le\u00f3n XIV inici\u00f3 este lunes una gira de 11 d\u00edas que culminar\u00e1 el pr\u00f3ximo 23 de abril y que lo llevar\u00e1 por cuatro pa\u00edses africanos:\u00a0<strong>Argelia, Camer\u00fan, Angola y Guinea Ecuatorial<\/strong>, donde su agenda de trabajo se centrar\u00e1 en la paz, la migraci\u00f3n, el medio ambiente, la juventud y la familia, seg\u00fan el Vaticano.<\/p>\n<p>La gira de Le\u00f3n XIV se da justo en medio de un clima de enfrentamiento y tensiones con el presidente de EE.UU., Donald Trump, por el intercambio de opiniones sobre la agresi\u00f3n estadounidense e israel\u00ed contra Ir\u00e1n, la persecuci\u00f3n de migrantes, entre otros temas de relevancia.<\/p>\n<p>En marzo, las estad\u00edsticas del Vaticano revelaron que el n\u00famero de cat\u00f3licos en el continente aument\u00f3 de 281 millones en 2023 a m\u00e1s de 288 millones en 2024, lo que elev\u00f3 la <strong>proporci\u00f3n de \u00c1frica en la poblaci\u00f3n cat\u00f3lica<\/strong> mundial al 20,3 %.<\/p>\n<p>Seg\u00fan los datos eclesi\u00e1sticos publicados por el Vaticano,\u00a0<strong>los cat\u00f3licos representan el 0,02 % de la poblaci\u00f3n de Argelia<\/strong>, el 28,87 % en Camer\u00fan, el 57,83 % en Angola y el 74,78 % en Guinea Ecuatorial.<\/p>\n<h3>Primera parada: Argelia<\/h3>\n<p>La gira papal comienza en Argelia, considerada <strong>clave y simb\u00f3lica<\/strong> porque es la primera visita de Le\u00f3n XIV a ese pa\u00eds, que adem\u00e1s tiene un significado personal para su antecesor en nombre Le\u00f3n XIII, quien fue miembro de la orden de San Agust\u00edn de Hipona (354-430 d. C.), uno de los te\u00f3logos m\u00e1s influyentes del cristianismo, que naci\u00f3 y vivi\u00f3 en lo que hoy es Argelia.<\/p>\n<p>En ese pa\u00eds, el papa tiene previsto\u00a0<strong>reunirse con el presidente Abdelmadjid Tebboune<\/strong> y visitar\u00e1 Annaba, la antigua ciudad de Hipona, as\u00ed como la Gran Mezquita de Argel. Tambi\u00e9n sostendr\u00e1 encuentros\u00a0con cl\u00e9rigos, estudiantes y representantes de la sociedad civil en los cuatro pa\u00edses.\u00a0En <strong>Camer\u00fan<\/strong>, el programa incluye una parada en un orfanato, conversaciones con obispos, un encuentro por la paz en Bamenda, una misa en Douala y un evento con estudiantes y profesores universitarios.<\/p>\n<p>Para <strong>Angola<\/strong>, Le\u00f3n XIV prev\u00e9 conversar con el presidente Joao Lourenzo, intercambios con obispos y agentes de pastoral, una visita al santuario de Mama Muxima y misas en Luanda y Saurimo. En <strong>Guinea Ecuatorial<\/strong>, el pont\u00edfice ser\u00e1 recibido en audiencia por el presidente Teodoro Obiang Nguema Mbasogo, se reunir\u00e1 con figuras culturales, visitar\u00e1 una prisi\u00f3n en Bata y participar\u00e1 en un evento con j\u00f3venes y familias.<\/p>\n<p><strong>RT.<\/strong><\/p>\n<p>&nbsp;<\/p>\n","protected":false},"excerpt":{"rendered":"<p>El pont\u00edfice visitar\u00e1 cuatro pa\u00edses del continente africano durante 11 d\u00edas. El papa Le\u00f3n XIV inici\u00f3 este lunes una gira de 11 d\u00edas que culminar\u00e1 el pr\u00f3ximo 23 de abril y que lo llevar\u00e1 por cuatro pa\u00edses africanos:\u00a0Argelia, Camer\u00fan, Angola y Guinea Ecuatorial, donde su agenda de trabajo se centrar\u00e1 en la paz, la migraci\u00f3n, [&hellip;]<\/p>\n","protected":false},"author":1,"featured_media":91686,"comment_status":"closed","ping_status":"open","sticky":false,"template":"","format":"standard","meta":{"rop_custom_images_group":[],"rop_custom_messages_group":[],"rop_publish_now":"initial","rop_publish_now_accounts":[],"rop_publish_now_history":[],"rop_publish_now_status":"pending","footnotes":""},"categories":[67,72,77],"tags":[23],"class_list":["post-91685","post","type-post","status-publish","format-standard","has-post-thumbnail","hentry","category-ciudad","category-estado","category-ni-lectoris","tag-destacado"],"_links":{"self":[{"href":"https:\/\/notiissa.mx\/index.php?rest_route=\/wp\/v2\/posts\/91685","targetHints":{"allow":["GET"]}}],"collection":[{"href":"https:\/\/notiissa.mx\/index.php?rest_route=\/wp\/v2\/posts"}],"about":[{"href":"https:\/\/notiissa.mx\/index.php?rest_route=\/wp\/v2\/types\/post"}],"author":[{"embeddable":true,"href":"https:\/\/notiissa.mx\/index.php?rest_route=\/wp\/v2\/users\/1"}],"replies":[{"embeddable":true,"href":"https:\/\/notiissa.mx\/index.php?rest_route=%2Fwp%2Fv2%2Fcomments&post=91685"}],"version-history":[{"count":1,"href":"https:\/\/notiissa.mx\/index.php?rest_route=\/wp\/v2\/posts\/91685\/revisions"}],"predecessor-version":[{"id":91687,"href":"https:\/\/notiissa.mx\/index.php?rest_route=\/wp\/v2\/posts\/91685\/revisions\/91687"}],"wp:featuredmedia":[{"embeddable":true,"href":"https:\/\/notiissa.mx\/index.php?rest_route=\/wp\/v2\/media\/91686"}],"wp:attachment":[{"href":"https:\/\/notiissa.mx\/index.php?rest_route=%2Fwp%2Fv2%2Fmedia&parent=91685"}],"wp:term":[{"taxonomy":"category","embeddable":true,"href":"https:\/\/notiissa.mx\/index.php?rest_route=%2Fwp%2Fv2%2Fcategories&post=91685"},{"taxonomy":"post_tag","embeddable":true,"href":"https:\/\/notiissa.mx\/index.php?rest_route=%2Fwp%2Fv2%2Ftags&post=91685"}],"curies":[{"name":"wp","href":"https:\/\/api.w.org\/{rel}","templated":true}]}}