{"id":909,"date":"2015-03-23T23:11:56","date_gmt":"2015-03-23T23:11:56","guid":{"rendered":"http:\/\/notiissa.mx\/?p=909"},"modified":"2015-03-23T23:11:56","modified_gmt":"2015-03-23T23:11:56","slug":"inaugura-uach-su-xxvi-festival-de-marzo","status":"publish","type":"post","link":"https:\/\/notiissa.mx\/?p=909","title":{"rendered":"Inaugura UACH su XXVI Festival de Marzo"},"content":{"rendered":"<div id=\"yui_3_16_0_1_1427145786638_9188\" class=\"tab-content\" data-title=\"COMUNICADO: Inaugura Facultad de Artes de la UACH su XXVI Festival de Marzo\" data-tid=\"yui_3_16_0_1_1427145786638_9107\">\n<div id=\"yui_3_16_0_1_1427145786638_9216\" class=\"threadpane \" tabindex=\"0\">\n<div id=\"yui_3_16_0_1_1427145786638_9244\" class=\"message  thread-content content \">\n<div id=\"yui_3_16_0_1_1427145786638_9329\" class=\"thread-item-list\" tabindex=\"-1\">\n<div id=\"yui_3_16_0_1_1427145786638_9338\" class=\"thread-item expanded thread-focus\" tabindex=\"0\" data-mid=\"_AAnnjkQAAOLUVRBRWQO9CFOzgy4\" data-action=\"select-thread\">\n<div id=\"yui_3_16_0_1_1427145786638_11799\" class=\"thread-item-header\">\n<div id=\"yui_3_16_0_1_1427145786638_11798\" class=\"contents\">\n<div class=\"loz\"><\/div>\n<\/div>\n<\/div>\n<\/div>\n<\/div>\n<\/div>\n<\/div>\n<\/div>\n<div id=\"yui_3_16_0_1_1427145786638_9480\" class=\"body undoreset\" tabindex=\"0\">\n<div id=\"yui_3_16_0_1_1427145786638_9479\" class=\"email-wrapped\">\n<div id=\"yiv1235503183\">\n<div id=\"yui_3_16_0_1_1427145786638_9478\" dir=\"ltr\">\n<p id=\"yui_3_16_0_1_1427145786638_9477\" class=\"yiv1235503183MsoNormal\" style=\"text-align: justify;\"><span id=\"yui_3_16_0_1_1427145786638_9476\">Como toda una tradici\u00f3n desde 1989; la Facultad de Artes de la Universidad Aut\u00f3noma de Chihuahua dio inicio a su Festival de Marzo, la fiesta de las artes que re\u00fane a expertos de talla nacional e internacional en las \u00e1reas de la m\u00fasica, la danza, el teatro y las artes pl\u00e1sticas.<\/span><\/p>\n<p id=\"yui_3_16_0_1_1427145786638_11832\" class=\"yiv1235503183MsoNormal\" style=\"text-align: justify;\"><span id=\"yui_3_16_0_1_1427145786638_11831\">En su d\u00e9cimo sexta edici\u00f3n, el festival ofrece a la comunidad universitaria y sociedad en general actividades como conciertos, representaciones esc\u00e9nicas y exposiciones pl\u00e1sticas desarrollas por estudiantes y docentes quienes muestran su talento.<\/span><\/p>\n<p id=\"yui_3_16_0_1_1427145786638_11836\" class=\"yiv1235503183MsoNormal\" style=\"text-align: justify;\"><span id=\"yui_3_16_0_1_1427145786638_11835\">\u201cEl arte, como manifestaci\u00f3n cultural, es un proceso que involucra creatividad, por ello el artista no espera a contar con las condiciones m\u00e1s id\u00f3neas pues es capaz de crear a partir de lo que tiene a su alcance\u201d, dijo el rector de la UACH, M.C. Jes\u00fas Enrique Se\u00e1\u00f1ez S\u00e1enz, al declarar inaugurado del festival n\u00famero 26:<\/span><\/p>\n<p id=\"yui_3_16_0_1_1427145786638_11818\" class=\"yiv1235503183MsoNormal\" style=\"text-align: justify;\"><span id=\"yui_3_16_0_1_1427145786638_11817\">\u201cUstedes forman parte del grupo privilegiado que ha elegido el arte como profesi\u00f3n para derramar y sembrar una semilla en la sociedad\u201d, agreg\u00f3 tras afirmar que el festival es un espacio propicio para el intercambio de conocimientos.<\/span><\/p>\n<p id=\"yui_3_16_0_1_1427145786638_11852\" class=\"yiv1235503183MsoNormal\" style=\"text-align: justify;\"><span id=\"yui_3_16_0_1_1427145786638_11851\">Por su parte\u00a0 Ra\u00fal S\u00e1nchez Trillo, director de la Facultad, afirm\u00f3 que el arte se muestra como un terreno de oportunidades para una sociedad m\u00e1s enriquecida, \u201clos discursos se respaldan con acciones por ello el Festival de Marzo comparte con la comunidad lo que hacemos con amor y profesionalismo\u201d, manifest\u00f3.<\/span><\/p>\n<p id=\"yui_3_16_0_1_1427145786638_11855\" class=\"yiv1235503183MsoNormal\" style=\"text-align: justify;\"><span id=\"yui_3_16_0_1_1427145786638_11854\">\u201cEl artista se atreve a imaginar el futuro, a pensar que lo que todav\u00eda no ha sido creado y dedica su existencia a construirlo, la facultad refirma el compromiso para formar profesionales con excelencia y cultivar el terreno social para que todo tenga color, teatro, m\u00fasica y movimiento a trav\u00e9s de la danza\u201d, se\u00f1al\u00f3.<\/span><\/p>\n<p class=\"yiv1235503183MsoNormal\" style=\"text-align: justify;\">En su calidad como presidente de la sociedad de alumnos, Marcelo Olivas, asegur\u00f3 que la XXVI edici\u00f3n del Festival de Marzo ofrece espect\u00e1culos con ideas innovadoras y frescas para que el espectador pueda identificarse con el artista.<\/p>\n<p id=\"yui_3_16_0_1_1427145786638_11859\" class=\"yiv1235503183MsoNormal\" style=\"text-align: justify;\"><span id=\"yui_3_16_0_1_1427145786638_11858\">En ese sentido agradeci\u00f3 el apoyo de su equipo de trabajo y el respald\u00f3 de las autoridades universitarias para que a\u00f1o tras a\u00f1o se lleve a cabo la tradicional fiesta art\u00edstica.<\/span><\/p>\n<p id=\"yui_3_16_0_1_1427145786638_11861\" class=\"yiv1235503183MsoNormal\"><span id=\"yui_3_16_0_1_1427145786638_11860\">Para conocer el programa de actividades visita la siguiente direcci\u00f3n:<\/span><\/p>\n<p id=\"yui_3_16_0_1_1427145786638_11864\" class=\"yiv1235503183MsoNormal\"><span id=\"yui_3_16_0_1_1427145786638_11863\"><a id=\"yui_3_16_0_1_1427145786638_11862\" href=\"http:\/\/www.fa.uach.mx\/eventos\/2015\/03\/11\/festival_de_marzo_2015\/\" target=\"_blank\" rel=\"nofollow\">http:\/\/www.fa.uach.mx\/eventos\/2015\/03\/11\/festival_de_marzo_2015\/<\/a><\/span><\/p>\n<\/div>\n<\/div>\n<\/div>\n<\/div>\n<h3 id=\"yui_3_16_0_1_1427145786638_11801\"><span id=\"yui_3_16_0_1_1427145786638_11800\" class=\"thread-subject\" title=\"COMUNICADO: Inaugura Facultad de Artes de la UACH su XXVI Festival de Marzo\">\u00a0<\/span><\/h3>\n","protected":false},"excerpt":{"rendered":"<p>Como toda una tradici\u00f3n desde 1989; la Facultad de Artes de la Universidad Aut\u00f3noma de Chihuahua dio inicio a su Festival de Marzo, la fiesta de las artes que re\u00fane a expertos de talla nacional e internacional en las \u00e1reas de la m\u00fasica, la danza, el teatro y las artes pl\u00e1sticas. En su d\u00e9cimo sexta [&hellip;]<\/p>\n","protected":false},"author":1,"featured_media":913,"comment_status":"open","ping_status":"open","sticky":false,"template":"","format":"standard","meta":{"rop_custom_images_group":[],"rop_custom_messages_group":[],"rop_publish_now":"initial","rop_publish_now_accounts":[],"rop_publish_now_history":[],"rop_publish_now_status":"pending","footnotes":""},"categories":[64],"tags":[23],"class_list":["post-909","post","type-post","status-publish","format-standard","has-post-thumbnail","hentry","category-educacion","tag-destacado"],"_links":{"self":[{"href":"https:\/\/notiissa.mx\/index.php?rest_route=\/wp\/v2\/posts\/909","targetHints":{"allow":["GET"]}}],"collection":[{"href":"https:\/\/notiissa.mx\/index.php?rest_route=\/wp\/v2\/posts"}],"about":[{"href":"https:\/\/notiissa.mx\/index.php?rest_route=\/wp\/v2\/types\/post"}],"author":[{"embeddable":true,"href":"https:\/\/notiissa.mx\/index.php?rest_route=\/wp\/v2\/users\/1"}],"replies":[{"embeddable":true,"href":"https:\/\/notiissa.mx\/index.php?rest_route=%2Fwp%2Fv2%2Fcomments&post=909"}],"version-history":[{"count":1,"href":"https:\/\/notiissa.mx\/index.php?rest_route=\/wp\/v2\/posts\/909\/revisions"}],"predecessor-version":[{"id":914,"href":"https:\/\/notiissa.mx\/index.php?rest_route=\/wp\/v2\/posts\/909\/revisions\/914"}],"wp:featuredmedia":[{"embeddable":true,"href":"https:\/\/notiissa.mx\/index.php?rest_route=\/wp\/v2\/media\/913"}],"wp:attachment":[{"href":"https:\/\/notiissa.mx\/index.php?rest_route=%2Fwp%2Fv2%2Fmedia&parent=909"}],"wp:term":[{"taxonomy":"category","embeddable":true,"href":"https:\/\/notiissa.mx\/index.php?rest_route=%2Fwp%2Fv2%2Fcategories&post=909"},{"taxonomy":"post_tag","embeddable":true,"href":"https:\/\/notiissa.mx\/index.php?rest_route=%2Fwp%2Fv2%2Ftags&post=909"}],"curies":[{"name":"wp","href":"https:\/\/api.w.org\/{rel}","templated":true}]}}