{"id":90580,"date":"2026-03-14T16:43:04","date_gmt":"2026-03-14T23:43:04","guid":{"rendered":"https:\/\/notiissa.mx\/?p=90580"},"modified":"2026-03-14T16:43:04","modified_gmt":"2026-03-14T23:43:04","slug":"presentan-festival-folklorico-en-el-centro-historico","status":"publish","type":"post","link":"https:\/\/notiissa.mx\/?p=90580","title":{"rendered":"Presentan Festival Folkl\u00f3rico en el Centro Hist\u00f3rico"},"content":{"rendered":"<p><strong>Previo a la Polka Monumental.<\/strong><\/p>\n<hr \/>\n<p><strong>Cientos de j\u00f3venes del interior del pa\u00eds llenaron de color, m\u00fasica y tradici\u00f3n la Plaza de Armas como antesala al r\u00e9cord Guinness que busca romper la capital chihuahuense.<\/strong><\/p>\n<p><strong>Ciudad de Chihuahua.-<\/strong>\u00a0El coraz\u00f3n de la ciudad vibr\u00f3 al ritmo de la danza y la tradici\u00f3n mexicana. Previo a la celebraci\u00f3n de la Polka Monumental, el Centro Hist\u00f3rico de Chihuahua se transform\u00f3 en un gran escenario cultural con la realizaci\u00f3n del Festival Folkl\u00f3rico, organizado por el Gobierno Municipal a trav\u00e9s del Instituto Municipal de Cultura y la Direcci\u00f3n de Desarrollo Humano y Educaci\u00f3n.<\/p>\n<p>Cientos de j\u00f3venes provenientes de distintos municipios del estado y de diversas entidades de la Rep\u00fablica Mexicana tomaron las calles del primer cuadro de la ciudad ataviados con trajes t\u00edpicos \u2014desde vestimentas tradicionales de la polka norte\u00f1a hasta atuendos de charro\u2014 en un desfile que marc\u00f3 el inicio de las festividades y que convoc\u00f3 a decenas de familias y visitantes a sumarse al ambiente festivo.<\/p>\n<p>Las presentaciones se desarrollaron de manera simult\u00e1nea en dos escenarios instalados en la Plaza de Armas: uno en la intersecci\u00f3n de las calles Independencia y Libertad, y otro sobre la calle Segunda y Victoria, frente a la Catedral de Chihuahua.<\/p>\n<p><strong>Chihuahua, referente nacional de la polka<\/strong><\/p>\n<p>En representaci\u00f3n del alcalde Marco Antonio Bonilla Mendoza, la regidora y presidenta de la Comisi\u00f3n de Educaci\u00f3n del Ayuntamiento, Myrna Monge Mel\u00e9ndez, dio la bienvenida a los grupos participantes y subray\u00f3 el significado del evento para la capital del estado.<\/p>\n<p>\u00abChihuahua se ha vuelto referente en la polka; Chihuahua le est\u00e1 dando norte a todo M\u00e9xico\u00bb, expres\u00f3 la regidora, quien record\u00f3 que la v\u00edspera se realiz\u00f3 tambi\u00e9n un concurso de polka en el Teatro de la Ciudad, con la participaci\u00f3n de j\u00f3venes talentos que a lo largo del a\u00f1o dedican esfuerzo y disciplina a su formaci\u00f3n art\u00edstica.<\/p>\n<p>Monge Mel\u00e9ndez destac\u00f3 asimismo que este s\u00e1bado el alcalde Marco Bonilla encabezar\u00e1 el intento por romper el r\u00e9cord Guinness Mundial en el Palomar, \u00abdesde aqu\u00ed, de la capital de Chihuahua, para el mundo\u00bb.<\/p>\n<p><strong>Un cartel de altura<\/strong><\/p>\n<p>Durante la jornada matutina se presentaron agrupaciones como el Grupo Awiy\u00e1 Juvenil de Baja California y Romoware de la T\u00e9cnica 85 de Norogachi, con danzas representativas de la Alta y Baja Tarahumara, as\u00ed como el Ballet Folkl\u00f3rico Balam de la E.S.T. 2, con estampas de la Revoluci\u00f3n Mexicana. Tambi\u00e9n participaron el Ballet Folkl\u00f3rico Infantil Aw\u00edame Kur\u00fawi, el Ballet Folkl\u00f3rico Se W\u00e1ame, el Ballet Folkl\u00f3rico Nonoava de Noche, el Ballet Folkl\u00f3rico Norawa, el Grupo Infantil del ISSSTE de Nuevo Le\u00f3n y el Ensamble Folkl\u00f3rico Ra\u00edces Chihuahuenses, que present\u00f3 bailes representativos de Veracruz.<\/p>\n<p>Por la tarde continuaron las presentaciones con agrupaciones como Kaniriga Siniame, Ballet Folkl\u00f3rico Awirame de Chihuahua y el Grupo de Danza Infantil Mextli de la escuela primaria Sim\u00f3n Bol\u00edvar. En el segundo escenario tomaron el foro el Grupo de Danza Folkl\u00f3rica Sihua, Al Son de M\u00e9xico, Kukulk\u00e1n, Ballet Folkl\u00f3rico Infantil Al Son de M\u00e9xico, Ballet Folkl\u00f3rico U&#8217;Curisimi, Grupo de Danza Folkl\u00f3rica Ayani Infantil, la Agrupaci\u00f3n Folkl\u00f3rica Ne Semati Chihuahua y el Grupo de Danza Folkl\u00f3rica Anayahuari.<\/p>\n<p><strong>Las autoridades que dieron arranque a este festival son:<\/strong><\/p>\n<p>Mario Eduardo Garc\u00eda Jim\u00e9nez, Director de Desarrollo Humano y Educaci\u00f3n; Myrna Monge Mel\u00e9ndez, Presidenta de la Comisi\u00f3n de Educaci\u00f3n; David Garc\u00eda Maga\u00f1a, Vicepresidente Nacional de WAPA; Dr. Ricardo Cervantes Mart\u00ednez, Presidente Nacional del Comit\u00e9 Ejecutivo del Instituto de Investigaci\u00f3n y Difusi\u00f3n de la Danza Mexicana, A.C.; Jorge Barraza Luna, Asesor Continental de WAPA Am\u00e9rica;\u00a0 Carlos Daniel Rodr\u00edguez Casta\u00f1eda, Subdirector de Educaci\u00f3n;\u00a0 Fernanda Bencomo, Directora de Cultura.<\/p>\n","protected":false},"excerpt":{"rendered":"<p>Previo a la Polka Monumental. Cientos de j\u00f3venes del interior del pa\u00eds llenaron de color, m\u00fasica y tradici\u00f3n la Plaza de Armas como antesala al r\u00e9cord Guinness que busca romper la capital chihuahuense. Ciudad de Chihuahua.-\u00a0El coraz\u00f3n de la ciudad vibr\u00f3 al ritmo de la danza y la tradici\u00f3n mexicana. Previo a la celebraci\u00f3n de [&hellip;]<\/p>\n","protected":false},"author":1,"featured_media":90581,"comment_status":"closed","ping_status":"open","sticky":false,"template":"","format":"standard","meta":{"rop_custom_images_group":[],"rop_custom_messages_group":[],"rop_publish_now":"initial","rop_publish_now_accounts":[],"rop_publish_now_history":[],"rop_publish_now_status":"pending","footnotes":""},"categories":[67,70,72],"tags":[],"class_list":["post-90580","post","type-post","status-publish","format-standard","has-post-thumbnail","hentry","category-ciudad","category-espectaculos","category-estado"],"_links":{"self":[{"href":"https:\/\/notiissa.mx\/index.php?rest_route=\/wp\/v2\/posts\/90580","targetHints":{"allow":["GET"]}}],"collection":[{"href":"https:\/\/notiissa.mx\/index.php?rest_route=\/wp\/v2\/posts"}],"about":[{"href":"https:\/\/notiissa.mx\/index.php?rest_route=\/wp\/v2\/types\/post"}],"author":[{"embeddable":true,"href":"https:\/\/notiissa.mx\/index.php?rest_route=\/wp\/v2\/users\/1"}],"replies":[{"embeddable":true,"href":"https:\/\/notiissa.mx\/index.php?rest_route=%2Fwp%2Fv2%2Fcomments&post=90580"}],"version-history":[{"count":1,"href":"https:\/\/notiissa.mx\/index.php?rest_route=\/wp\/v2\/posts\/90580\/revisions"}],"predecessor-version":[{"id":90582,"href":"https:\/\/notiissa.mx\/index.php?rest_route=\/wp\/v2\/posts\/90580\/revisions\/90582"}],"wp:featuredmedia":[{"embeddable":true,"href":"https:\/\/notiissa.mx\/index.php?rest_route=\/wp\/v2\/media\/90581"}],"wp:attachment":[{"href":"https:\/\/notiissa.mx\/index.php?rest_route=%2Fwp%2Fv2%2Fmedia&parent=90580"}],"wp:term":[{"taxonomy":"category","embeddable":true,"href":"https:\/\/notiissa.mx\/index.php?rest_route=%2Fwp%2Fv2%2Fcategories&post=90580"},{"taxonomy":"post_tag","embeddable":true,"href":"https:\/\/notiissa.mx\/index.php?rest_route=%2Fwp%2Fv2%2Ftags&post=90580"}],"curies":[{"name":"wp","href":"https:\/\/api.w.org\/{rel}","templated":true}]}}