{"id":90466,"date":"2026-03-11T15:45:53","date_gmt":"2026-03-11T22:45:53","guid":{"rendered":"https:\/\/notiissa.mx\/?p=90466"},"modified":"2026-03-11T15:45:53","modified_gmt":"2026-03-11T22:45:53","slug":"piden-reconocer-los-cuidados-y-trabajo-no-remunerado-de-mujeres","status":"publish","type":"post","link":"https:\/\/notiissa.mx\/?p=90466","title":{"rendered":"Piden reconocer los cuidados y trabajo no remunerado de mujeres"},"content":{"rendered":"<p>&#8211;<strong> En el marco del 8M, la Regidora present\u00f3 una iniciativa para que el IMM genere informaci\u00f3n sobre cuidados y el trabajo dom\u00e9stico no remunerado, con el prop\u00f3sito de dise\u00f1ar pol\u00edticas p\u00fablicas que reduzcan la desigualdad de g\u00e9nero.<\/strong><\/p>\n<hr \/>\n<p><strong>Ciudad de Chihuahua.-<\/strong> En el marco del D\u00eda Internacional de la Mujer, la regidora Isela Mart\u00ednez D\u00edaz (PAN), present\u00f3 una iniciativa de reforma al Estatuto Org\u00e1nico del Instituto Municipal de las Mujeres del Municipio de Chihuahua (IMM), con el objetivo de reconocer y visibilizar los cuidados y el trabajo dom\u00e9stico no remunerado que realizan las mujeres.<\/p>\n<p>Durante la sesi\u00f3n de Cabildo, la coordinadora de regidores del PAN explic\u00f3 que, de acuerdo con cifras del Instituto Mexicano para la Competitividad (IMCO), las mujeres destinan en promedio 40 horas semanales al trabajo del hogar y de cuidados, frente a 16 horas que dedican los hombres. Esta brecha, 2.5 veces mayor, equivale pr\u00e1cticamente a una jornada laboral completa que las mujeres realizan sin remuneraci\u00f3n ni reconocimiento econ\u00f3mico, social o jur\u00eddico.<\/p>\n<p>Mart\u00ednez D\u00edaz se\u00f1al\u00f3 que, de ser considerado un sector formal, el valor econ\u00f3mico de este trabajo ascender\u00eda a 8 billones de pesos anuales, lo que lo convertir\u00eda en el m\u00e1s grande del pa\u00eds, por encima de sectores como la manufactura, el comercio y los servicios financieros. Sin embargo, esta carga desproporcionada no implica \u00fanicamente una distribuci\u00f3n desigual del tiempo, sino que tambi\u00e9n limita el acceso de las mujeres al mercado laboral, a la capacitaci\u00f3n t\u00e9cnica y a la participaci\u00f3n pol\u00edtica, profundizando su dependencia econ\u00f3mica y su vulnerabilidad en la vejez.<\/p>\n<p>Ante este panorama, la iniciativa propone otorgar al IMM la facultad expresa de generar y analizar informaci\u00f3n sobre el trabajo dom\u00e9stico y de cuidados no remunerado en el municipio de Chihuahua, a fin de que estos datos sirvan como base para el dise\u00f1o de pol\u00edticas p\u00fablicas con perspectiva de g\u00e9nero.<\/p>\n<p>Asimismo, la regidora lament\u00f3 que el Sistema Nacional de Cuidados, compromiso de la presidenta Claudia Sheinbaum, a\u00fan no se haya implementado, as\u00ed como los cuestionamientos que acad\u00e9micas han planteado en el marco de la Convenci\u00f3n para la Eliminaci\u00f3n de Todas las Formas de Discriminaci\u00f3n contra la Mujer (CEDAW), ante la falta de resultados de la Secretar\u00eda de las Mujeres encabezada por Citlali Hern\u00e1ndez.<\/p>\n<p>\u201cEn un pa\u00eds gobernado por una mujer, la sororidad no ha caracterizado el ejercicio del gobierno, dejando en evidencia que \u2018no llegamos todas\u2019. Son los gobiernos humanistas de Acci\u00f3n Nacional los que, a trav\u00e9s de pol\u00edticas p\u00fablicas reales, buscan una verdadera equidad para brindar a las mujeres m\u00e1s oportunidades y mejorar su calidad de vida. Esta iniciativa representa un paso m\u00e1s para visibilizar lo que por mucho tiempo ha permanecido invisible, porque solo lo que se mide puede transformarse y avanzar hacia una sociedad m\u00e1s justa e igualitaria\u201d, declar\u00f3.<\/p>\n<p>Finalmente, Isela Mart\u00ednez destac\u00f3 que el Gobierno Municipal de Chihuahua, encabezado por el alcalde Marco Bonilla Mendoza, ha impulsado diversas acciones para generar condiciones reales en favor de las mujeres, entre ellas la asignaci\u00f3n de un presupuesto hist\u00f3rico al Instituto Municipal de las Mujeres, reflejando la voluntad de colocar la perspectiva de g\u00e9nero en el centro de la gesti\u00f3n p\u00fablica.<\/p>\n","protected":false},"excerpt":{"rendered":"<p>&#8211; En el marco del 8M, la Regidora present\u00f3 una iniciativa para que el IMM genere informaci\u00f3n sobre cuidados y el trabajo dom\u00e9stico no remunerado, con el prop\u00f3sito de dise\u00f1ar pol\u00edticas p\u00fablicas que reduzcan la desigualdad de g\u00e9nero. Ciudad de Chihuahua.- En el marco del D\u00eda Internacional de la Mujer, la regidora Isela Mart\u00ednez D\u00edaz [&hellip;]<\/p>\n","protected":false},"author":1,"featured_media":90467,"comment_status":"closed","ping_status":"open","sticky":false,"template":"","format":"standard","meta":{"rop_custom_images_group":[],"rop_custom_messages_group":[],"rop_publish_now":"initial","rop_publish_now_accounts":[],"rop_publish_now_history":[],"rop_publish_now_status":"pending","footnotes":""},"categories":[67,72],"tags":[],"class_list":["post-90466","post","type-post","status-publish","format-standard","has-post-thumbnail","hentry","category-ciudad","category-estado"],"_links":{"self":[{"href":"https:\/\/notiissa.mx\/index.php?rest_route=\/wp\/v2\/posts\/90466","targetHints":{"allow":["GET"]}}],"collection":[{"href":"https:\/\/notiissa.mx\/index.php?rest_route=\/wp\/v2\/posts"}],"about":[{"href":"https:\/\/notiissa.mx\/index.php?rest_route=\/wp\/v2\/types\/post"}],"author":[{"embeddable":true,"href":"https:\/\/notiissa.mx\/index.php?rest_route=\/wp\/v2\/users\/1"}],"replies":[{"embeddable":true,"href":"https:\/\/notiissa.mx\/index.php?rest_route=%2Fwp%2Fv2%2Fcomments&post=90466"}],"version-history":[{"count":1,"href":"https:\/\/notiissa.mx\/index.php?rest_route=\/wp\/v2\/posts\/90466\/revisions"}],"predecessor-version":[{"id":90468,"href":"https:\/\/notiissa.mx\/index.php?rest_route=\/wp\/v2\/posts\/90466\/revisions\/90468"}],"wp:featuredmedia":[{"embeddable":true,"href":"https:\/\/notiissa.mx\/index.php?rest_route=\/wp\/v2\/media\/90467"}],"wp:attachment":[{"href":"https:\/\/notiissa.mx\/index.php?rest_route=%2Fwp%2Fv2%2Fmedia&parent=90466"}],"wp:term":[{"taxonomy":"category","embeddable":true,"href":"https:\/\/notiissa.mx\/index.php?rest_route=%2Fwp%2Fv2%2Fcategories&post=90466"},{"taxonomy":"post_tag","embeddable":true,"href":"https:\/\/notiissa.mx\/index.php?rest_route=%2Fwp%2Fv2%2Ftags&post=90466"}],"curies":[{"name":"wp","href":"https:\/\/api.w.org\/{rel}","templated":true}]}}