{"id":90453,"date":"2026-03-11T12:12:42","date_gmt":"2026-03-11T19:12:42","guid":{"rendered":"https:\/\/notiissa.mx\/?p=90453"},"modified":"2026-03-11T12:12:42","modified_gmt":"2026-03-11T19:12:42","slug":"anuncian-convocatoria-del-premio-municipal-al-merito-docente","status":"publish","type":"post","link":"https:\/\/notiissa.mx\/?p=90453","title":{"rendered":"Anuncian Convocatoria del Premio Municipal al M\u00e9rito Docente"},"content":{"rendered":"<p><strong>\u00abMar\u00eda Esther Orozco Orozco\u00bb 2026.<\/strong><\/p>\n<hr \/>\n<p><strong>La Regidora Myrna Monge, Presidenta de la Comisi\u00f3n de Educaci\u00f3n, present\u00f3 el dictamen ante el pleno del Cabildo, aprobado por unanimidad.<\/strong><\/p>\n<hr \/>\n<p><strong>Ciudad de Chihuahua.-<\/strong> Durante la Sesi\u00f3n Ordinaria de Cabildo celebrada hoy, la Regidora Myrna Monge, Presidenta de la Comisi\u00f3n de Educaci\u00f3n del H. Ayuntamiento de Chihuahua, present\u00f3 ante el pleno del Cabildo el dictamen correspondiente a la Convocatoria del Premio Municipal al M\u00e9rito Docente \u00abMar\u00eda Esther Orozco Orozco\u00bb, edici\u00f3n 2026. Dicho dictamen fue aprobado por unanimidad de los integrantes del H. Ayuntamiento de Chihuahua.<\/p>\n<p>El Premio Municipal al M\u00e9rito Docente \u00abMar\u00eda Esther Orozco Orozco\u00bb constituye el reconocimiento p\u00fablico m\u00e1s importante que otorga el H. Ayuntamiento a las y los docentes que laboran en el Municipio de Chihuahua, quienes por su destacado desempe\u00f1o profesional han generado acciones valiosas y relevantes en beneficio de la comunidad estudiantil del municipio.<\/p>\n<p>La convocatoria contempla cuatro categor\u00edas de participaci\u00f3n: Educaci\u00f3n B\u00e1sica, Educaci\u00f3n Media Superior, Educaci\u00f3n Superior y Tipos, Modalidades o Niveles Especiales.<\/p>\n<p>Las y los docentes galardonados recibir\u00e1n una medalla con el escudo del Municipio de Chihuahua, as\u00ed como un reconocimiento econ\u00f3mico equivalente a cuando menos 300 veces el valor diario de la Unidad de Medida y Actualizaci\u00f3n (UMA) vigente.<\/p>\n<p>La Convocatoria fue previamente analizada y aprobada por unanimidad en la Primera Sesi\u00f3n Ordinaria de la Comisi\u00f3n Especial de Premiaci\u00f3n, celebrada el 3 de marzo del presente a\u00f1o, y fue presentada al pleno del H. Ayuntamiento conforme a lo establecido en el Reglamento de Premios y Reconocimientos para el Municipio de Chihuahua y en el art\u00edculo 28 fracci\u00f3n XXXIII del C\u00f3digo Municipal para el Estado de Chihuahua.<\/p>\n<p>El H. Ayuntamiento de Chihuahua exhorta a la comunidad educativa, instituciones y organismos del sector a difundir la presente convocatoria entre las y los docentes que por su labor y vocaci\u00f3n sean merecedores de este importante galard\u00f3n.<\/p>\n","protected":false},"excerpt":{"rendered":"<p>\u00abMar\u00eda Esther Orozco Orozco\u00bb 2026. La Regidora Myrna Monge, Presidenta de la Comisi\u00f3n de Educaci\u00f3n, present\u00f3 el dictamen ante el pleno del Cabildo, aprobado por unanimidad. Ciudad de Chihuahua.- Durante la Sesi\u00f3n Ordinaria de Cabildo celebrada hoy, la Regidora Myrna Monge, Presidenta de la Comisi\u00f3n de Educaci\u00f3n del H. Ayuntamiento de Chihuahua, present\u00f3 ante el [&hellip;]<\/p>\n","protected":false},"author":1,"featured_media":90454,"comment_status":"closed","ping_status":"open","sticky":false,"template":"","format":"standard","meta":{"rop_custom_images_group":[],"rop_custom_messages_group":[],"rop_publish_now":"initial","rop_publish_now_accounts":[],"rop_publish_now_history":[],"rop_publish_now_status":"pending","footnotes":""},"categories":[67,64,72],"tags":[],"class_list":["post-90453","post","type-post","status-publish","format-standard","has-post-thumbnail","hentry","category-ciudad","category-educacion","category-estado"],"_links":{"self":[{"href":"https:\/\/notiissa.mx\/index.php?rest_route=\/wp\/v2\/posts\/90453","targetHints":{"allow":["GET"]}}],"collection":[{"href":"https:\/\/notiissa.mx\/index.php?rest_route=\/wp\/v2\/posts"}],"about":[{"href":"https:\/\/notiissa.mx\/index.php?rest_route=\/wp\/v2\/types\/post"}],"author":[{"embeddable":true,"href":"https:\/\/notiissa.mx\/index.php?rest_route=\/wp\/v2\/users\/1"}],"replies":[{"embeddable":true,"href":"https:\/\/notiissa.mx\/index.php?rest_route=%2Fwp%2Fv2%2Fcomments&post=90453"}],"version-history":[{"count":1,"href":"https:\/\/notiissa.mx\/index.php?rest_route=\/wp\/v2\/posts\/90453\/revisions"}],"predecessor-version":[{"id":90455,"href":"https:\/\/notiissa.mx\/index.php?rest_route=\/wp\/v2\/posts\/90453\/revisions\/90455"}],"wp:featuredmedia":[{"embeddable":true,"href":"https:\/\/notiissa.mx\/index.php?rest_route=\/wp\/v2\/media\/90454"}],"wp:attachment":[{"href":"https:\/\/notiissa.mx\/index.php?rest_route=%2Fwp%2Fv2%2Fmedia&parent=90453"}],"wp:term":[{"taxonomy":"category","embeddable":true,"href":"https:\/\/notiissa.mx\/index.php?rest_route=%2Fwp%2Fv2%2Fcategories&post=90453"},{"taxonomy":"post_tag","embeddable":true,"href":"https:\/\/notiissa.mx\/index.php?rest_route=%2Fwp%2Fv2%2Ftags&post=90453"}],"curies":[{"name":"wp","href":"https:\/\/api.w.org\/{rel}","templated":true}]}}