{"id":90432,"date":"2026-03-10T16:23:38","date_gmt":"2026-03-10T23:23:38","guid":{"rendered":"https:\/\/notiissa.mx\/?p=90432"},"modified":"2026-03-10T16:23:38","modified_gmt":"2026-03-10T23:23:38","slug":"las-alianzas-las-definira-el-consejo-nacional","status":"publish","type":"post","link":"https:\/\/notiissa.mx\/?p=90432","title":{"rendered":"Las alianzas las definir\u00e1 el consejo nacional"},"content":{"rendered":"<p><strong>Por Silvia Madrid A.\u00a0<\/strong><\/p>\n<hr \/>\n<p>Al abordar el tema de las alianza el diputado local Alfredo Ch\u00e1vez dijo que en su momento eso lo decidir\u00e1 la dirigencia nacional, pero ante de eso el PAN debe estar fortalecido al interior y al exterior y en eso trabaja y en perfiles id\u00f3neos; por ser la segunda fuerza pol\u00edtica debe encabezar las alianza pero hay que esperar la reforma electoral aunque auguro que no va a pasar porque ser\u00eda un retroceso democr\u00e1tico, y agreg\u00f3 que las alianzas no deben ser reparto de posiciones sino en proyecto de. Gobierno y la principal alianza ser\u00e1 con la sociedad civil organizada y con quienes no simpaticen con Morena.<\/p>\n<p>Record\u00f3 el pianista que el compromiso desde hace 80 a\u00f1os es por la lucha a favor de la vida y la familia y se har\u00e1n iniciativas bien hechas para que la corte de Morena no las \u201ctire\u201d.<\/p>\n<p>Agreg\u00f3 que no hubo consultas para la reforma electoral, no escucharon pues no quieren evitar que se involucre el dinero del crimen organizado en las campa\u00f1as ni en los gobiernos de Morena.<\/p>\n<p>Sobre el pasado D\u00eda de la Mujer destac\u00f3 la Actuaci\u00f3n y trayectoria de la gobernadora Maru Campos y la presidenta Claudia Sheinbaum que se han abierto camino en un mundo machista y con falta de oportunidades para las mujeres. Est\u00e1n abriendo brechas aunque el problema de la violencia hacia las mujeres es responsabilidad de todos y falta mucho por hacer.<\/p>\n<p>Expres\u00f3 su gusto por las manifestaciones de mujeres que alzan la voz ante tanto abuso, violencia y discriminaci\u00f3n. Y felicit\u00f3 a la diputada del PT por su iniciativa para que no se les descuente el d\u00eda a las mujeres violentadas.<\/p>\n<p>En cuanto a los ataques del exgobernador Corral a Maru Campos asegur\u00f3 que es porque le tiene miedo, porque tiene que explicar la aparici\u00f3n de su secretario de seguridad en la n\u00f3mina del Mencho y porque no ha respondido a las denuncias en su contra por desv\u00edo de recursos p\u00fablicos escud\u00e1ndose en el fuero. \u201cCorral es un machista, mis\u00f3gino y miedoso\u201d.<\/p>\n","protected":false},"excerpt":{"rendered":"<p>Por Silvia Madrid A.\u00a0 Al abordar el tema de las alianza el diputado local Alfredo Ch\u00e1vez dijo que en su momento eso lo decidir\u00e1 la dirigencia nacional, pero ante de eso el PAN debe estar fortalecido al interior y al exterior y en eso trabaja y en perfiles id\u00f3neos; por ser la segunda fuerza pol\u00edtica [&hellip;]<\/p>\n","protected":false},"author":1,"featured_media":90433,"comment_status":"closed","ping_status":"open","sticky":false,"template":"","format":"standard","meta":{"rop_custom_images_group":[],"rop_custom_messages_group":[],"rop_publish_now":"initial","rop_publish_now_accounts":[],"rop_publish_now_history":[],"rop_publish_now_status":"pending","footnotes":""},"categories":[67,72],"tags":[23],"class_list":["post-90432","post","type-post","status-publish","format-standard","has-post-thumbnail","hentry","category-ciudad","category-estado","tag-destacado"],"_links":{"self":[{"href":"https:\/\/notiissa.mx\/index.php?rest_route=\/wp\/v2\/posts\/90432","targetHints":{"allow":["GET"]}}],"collection":[{"href":"https:\/\/notiissa.mx\/index.php?rest_route=\/wp\/v2\/posts"}],"about":[{"href":"https:\/\/notiissa.mx\/index.php?rest_route=\/wp\/v2\/types\/post"}],"author":[{"embeddable":true,"href":"https:\/\/notiissa.mx\/index.php?rest_route=\/wp\/v2\/users\/1"}],"replies":[{"embeddable":true,"href":"https:\/\/notiissa.mx\/index.php?rest_route=%2Fwp%2Fv2%2Fcomments&post=90432"}],"version-history":[{"count":1,"href":"https:\/\/notiissa.mx\/index.php?rest_route=\/wp\/v2\/posts\/90432\/revisions"}],"predecessor-version":[{"id":90434,"href":"https:\/\/notiissa.mx\/index.php?rest_route=\/wp\/v2\/posts\/90432\/revisions\/90434"}],"wp:featuredmedia":[{"embeddable":true,"href":"https:\/\/notiissa.mx\/index.php?rest_route=\/wp\/v2\/media\/90433"}],"wp:attachment":[{"href":"https:\/\/notiissa.mx\/index.php?rest_route=%2Fwp%2Fv2%2Fmedia&parent=90432"}],"wp:term":[{"taxonomy":"category","embeddable":true,"href":"https:\/\/notiissa.mx\/index.php?rest_route=%2Fwp%2Fv2%2Fcategories&post=90432"},{"taxonomy":"post_tag","embeddable":true,"href":"https:\/\/notiissa.mx\/index.php?rest_route=%2Fwp%2Fv2%2Ftags&post=90432"}],"curies":[{"name":"wp","href":"https:\/\/api.w.org\/{rel}","templated":true}]}}