{"id":90408,"date":"2026-03-10T10:46:11","date_gmt":"2026-03-10T17:46:11","guid":{"rendered":"https:\/\/notiissa.mx\/?p=90408"},"modified":"2026-03-10T10:46:11","modified_gmt":"2026-03-10T17:46:11","slug":"sheinbaum-senala-prioridades-de-mexico-en-la-revision-del-t-mec","status":"publish","type":"post","link":"https:\/\/notiissa.mx\/?p=90408","title":{"rendered":"Sheinbaum se\u00f1ala prioridades de M\u00e9xico en la revisi\u00f3n del T-MEC"},"content":{"rendered":"<p>La presidenta Claudia Sheinbaum destac\u00f3 los aranceles al acero, aluminio y veh\u00edculos.<\/p>\n<p>La presidenta de M\u00e9xico, Claudia Sheinbaum, revel\u00f3 este martes las prioridades que tiene este pa\u00eds ante el inminente inicio de la revisi\u00f3n del tratado de libre comercio que mantiene con EE.UU. y Canad\u00e1, y que es conocido como T-MEC.<\/p>\n<p>\u00abObviamente nosotros queremos la disminuci\u00f3n o, de plano, todo aquello que cumpla con las reglas de origen que est\u00e1n en el llamado cap\u00edtulo 232 que subieron aranceles en Estados Unidos, pues <strong>que se quiten esos aranceles que tienen que ver con el acero y el aluminio, principalmente<\/strong>\u00ab, afirm\u00f3 la mandataria en conferencia de prensa.<\/p>\n<p>En el caso de los veh\u00edculos, agreg\u00f3, la posici\u00f3n de M\u00e9xico es que no haya aranceles o que, en el peor escenario, <strong>que EE.UU. no le cobre cuotas mayores a las que impone a Europa o a Corea del Sur<\/strong>.<\/p>\n<p>\u00abEs lo que hemos estado pidiendo a Estados Unidos, tanto de manera personal, cuando hablo con el presidente (Donald) Trump, como en las mesas de trabajo con el secretario de Comercio y con el responsable de los tratados comerciales\u00bb, se\u00f1al\u00f3.<\/p>\n<p>M\u00e9xico, Canad\u00e1 y EE.UU. comenzar\u00e1n el pr\u00f3ximo 16 de marzo la esperada renegociaci\u00f3n del T-MEC en medio del clima de tensi\u00f3n que ha generado Trump debido a sus oscilantes pol\u00edticas arancelarias que han incluido nuevas tasas a sus socios comerciales y el desd\u00e9n a este pacto comercial, as\u00ed como\u00a0 crecientes rumores de su intenci\u00f3n de abandonarlo.<\/p>\n<p><strong>RT.<\/strong><\/p>\n","protected":false},"excerpt":{"rendered":"<p>La presidenta Claudia Sheinbaum destac\u00f3 los aranceles al acero, aluminio y veh\u00edculos. La presidenta de M\u00e9xico, Claudia Sheinbaum, revel\u00f3 este martes las prioridades que tiene este pa\u00eds ante el inminente inicio de la revisi\u00f3n del tratado de libre comercio que mantiene con EE.UU. y Canad\u00e1, y que es conocido como T-MEC. \u00abObviamente nosotros queremos la [&hellip;]<\/p>\n","protected":false},"author":1,"featured_media":90409,"comment_status":"closed","ping_status":"open","sticky":false,"template":"","format":"standard","meta":{"rop_custom_images_group":[],"rop_custom_messages_group":[],"rop_publish_now":"initial","rop_publish_now_accounts":[],"rop_publish_now_history":[],"rop_publish_now_status":"pending","footnotes":""},"categories":[67,61,72,60],"tags":[23],"class_list":["post-90408","post","type-post","status-publish","format-standard","has-post-thumbnail","hentry","category-ciudad","category-economia","category-estado","category-sonnoticia","tag-destacado"],"_links":{"self":[{"href":"https:\/\/notiissa.mx\/index.php?rest_route=\/wp\/v2\/posts\/90408","targetHints":{"allow":["GET"]}}],"collection":[{"href":"https:\/\/notiissa.mx\/index.php?rest_route=\/wp\/v2\/posts"}],"about":[{"href":"https:\/\/notiissa.mx\/index.php?rest_route=\/wp\/v2\/types\/post"}],"author":[{"embeddable":true,"href":"https:\/\/notiissa.mx\/index.php?rest_route=\/wp\/v2\/users\/1"}],"replies":[{"embeddable":true,"href":"https:\/\/notiissa.mx\/index.php?rest_route=%2Fwp%2Fv2%2Fcomments&post=90408"}],"version-history":[{"count":1,"href":"https:\/\/notiissa.mx\/index.php?rest_route=\/wp\/v2\/posts\/90408\/revisions"}],"predecessor-version":[{"id":90410,"href":"https:\/\/notiissa.mx\/index.php?rest_route=\/wp\/v2\/posts\/90408\/revisions\/90410"}],"wp:featuredmedia":[{"embeddable":true,"href":"https:\/\/notiissa.mx\/index.php?rest_route=\/wp\/v2\/media\/90409"}],"wp:attachment":[{"href":"https:\/\/notiissa.mx\/index.php?rest_route=%2Fwp%2Fv2%2Fmedia&parent=90408"}],"wp:term":[{"taxonomy":"category","embeddable":true,"href":"https:\/\/notiissa.mx\/index.php?rest_route=%2Fwp%2Fv2%2Fcategories&post=90408"},{"taxonomy":"post_tag","embeddable":true,"href":"https:\/\/notiissa.mx\/index.php?rest_route=%2Fwp%2Fv2%2Ftags&post=90408"}],"curies":[{"name":"wp","href":"https:\/\/api.w.org\/{rel}","templated":true}]}}