{"id":90404,"date":"2026-03-10T10:38:01","date_gmt":"2026-03-10T17:38:01","guid":{"rendered":"https:\/\/notiissa.mx\/?p=90404"},"modified":"2026-03-10T10:38:37","modified_gmt":"2026-03-10T17:38:37","slug":"este-pais-de-al-podria-arrebatar-un-megaproyecto-chino-a-chile","status":"publish","type":"post","link":"https:\/\/notiissa.mx\/?p=90404","title":{"rendered":"Este pa\u00eds  de AL podr\u00eda arrebatar un megaproyecto chino a Chile"},"content":{"rendered":"<p>El proyecto fue objeto de discrepancias entre Gabriel Boric y Jos\u00e9 Antonio Kast.<\/p>\n<p>Per\u00fa podr\u00eda quedarse con el megaproyecto de <strong>cable submarino de fibra \u00f3ptica que China planea tender <\/strong>para conectar el pa\u00eds asi\u00e1tico con Am\u00e9rica Latina, inicialmente previsto para Chile, informa el portal\u00a0 BioBioChile.<\/p>\n<p>Seg\u00fan el medio, esta posibilidad ha cobrado fuerza luego de que el proyecto impulsado por la empresa <strong>China Mobile<\/strong> desatara una fuerte pol\u00e9mica diplom\u00e1tica entre Chile y EE.UU., as\u00ed como una confrontaci\u00f3n entre el presidente saliente chileno, Gabriel Boric; y su sucesor, Jos\u00e9 Antonio Kast, quien asumir\u00e1 el cargo el 11 de marzo.<\/p>\n<p>El posible traslado del proyecto se debe al inter\u00e9s mostrado por Pek\u00edn y diversas firmas internacionales en el <strong>desarrollo de infraestructura tecnol\u00f3gica en Per\u00fa<\/strong>.<\/p>\n<p>En un principio, China planeaba tender un cable submarino <strong>desde Hong Kong hasta Valpara\u00edso<\/strong>, pero el 23 de febrero EE.UU. revoc\u00f3\u00a0las visas de tres funcionarios del Gobierno\u00a0chileno\u00a0implicados en el plan, acus\u00e1ndolos de \u00absocavar la seguridad regional\u00bb.<\/p>\n<h3>Tensiones diplom\u00e1ticas<\/h3>\n<p>Posteriormente, la Embajada de China en Chile emiti\u00f3\u00a0un duro comunicado en el que se\u00f1al\u00f3 a Washington\u00a0<strong>como\u00a0\u00abla mayor amenaza externa que enfrentan los pa\u00edses latinoamericanos\u00bb<\/strong>.<\/p>\n<p>En el plano interno, Kast, l\u00edder de ultraderecha alineado con EE.UU., acus\u00f3 a Boric\u00a0de no haberle informado sobre el megaproyecto chino. La\u00a0disputa alcanz\u00f3 tal magnitud que lleg\u00f3 a interrumpir el proceso de transici\u00f3n gubernamental.<\/p>\n<p>En medio de estas discrepancias, Per\u00fa comenz\u00f3 a perfilarse como posible destino del\u00a0cable submarino transpac\u00edfico, en parte porque ya cuenta con grandes inversiones de China. Entre ellas destacan los 1.300 millones de d\u00f3lares destinados a la construcci\u00f3n del\u00a0<strong>megapuerto en Chancay<\/strong>, una cifra que a largo plazo alcanzar\u00e1 los <strong>3.000 millones de d\u00f3lares<\/strong>.<\/p>\n<p>Adem\u00e1s, la multinacional italiana Enel vendi\u00f3 su filial peruana por 2.900 millones de d\u00f3lares a\u00a0<strong>China Southern Power Grid International<\/strong>, empresa que hoy controla por completo la distribuci\u00f3n el\u00e9ctrica en Lima.<\/p>\n<p><strong>RT<\/strong>.<\/p>\n","protected":false},"excerpt":{"rendered":"<p>El proyecto fue objeto de discrepancias entre Gabriel Boric y Jos\u00e9 Antonio Kast. Per\u00fa podr\u00eda quedarse con el megaproyecto de cable submarino de fibra \u00f3ptica que China planea tender para conectar el pa\u00eds asi\u00e1tico con Am\u00e9rica Latina, inicialmente previsto para Chile, informa el portal\u00a0 BioBioChile. Seg\u00fan el medio, esta posibilidad ha cobrado fuerza luego de [&hellip;]<\/p>\n","protected":false},"author":1,"featured_media":90405,"comment_status":"closed","ping_status":"open","sticky":false,"template":"","format":"standard","meta":{"rop_custom_images_group":[],"rop_custom_messages_group":[],"rop_publish_now":"initial","rop_publish_now_accounts":[],"rop_publish_now_history":[],"rop_publish_now_status":"pending","footnotes":""},"categories":[68,67,61,72],"tags":[23],"class_list":["post-90404","post","type-post","status-publish","format-standard","has-post-thumbnail","hentry","category-ciencia-tec","category-ciudad","category-economia","category-estado","tag-destacado"],"_links":{"self":[{"href":"https:\/\/notiissa.mx\/index.php?rest_route=\/wp\/v2\/posts\/90404","targetHints":{"allow":["GET"]}}],"collection":[{"href":"https:\/\/notiissa.mx\/index.php?rest_route=\/wp\/v2\/posts"}],"about":[{"href":"https:\/\/notiissa.mx\/index.php?rest_route=\/wp\/v2\/types\/post"}],"author":[{"embeddable":true,"href":"https:\/\/notiissa.mx\/index.php?rest_route=\/wp\/v2\/users\/1"}],"replies":[{"embeddable":true,"href":"https:\/\/notiissa.mx\/index.php?rest_route=%2Fwp%2Fv2%2Fcomments&post=90404"}],"version-history":[{"count":1,"href":"https:\/\/notiissa.mx\/index.php?rest_route=\/wp\/v2\/posts\/90404\/revisions"}],"predecessor-version":[{"id":90406,"href":"https:\/\/notiissa.mx\/index.php?rest_route=\/wp\/v2\/posts\/90404\/revisions\/90406"}],"wp:featuredmedia":[{"embeddable":true,"href":"https:\/\/notiissa.mx\/index.php?rest_route=\/wp\/v2\/media\/90405"}],"wp:attachment":[{"href":"https:\/\/notiissa.mx\/index.php?rest_route=%2Fwp%2Fv2%2Fmedia&parent=90404"}],"wp:term":[{"taxonomy":"category","embeddable":true,"href":"https:\/\/notiissa.mx\/index.php?rest_route=%2Fwp%2Fv2%2Fcategories&post=90404"},{"taxonomy":"post_tag","embeddable":true,"href":"https:\/\/notiissa.mx\/index.php?rest_route=%2Fwp%2Fv2%2Ftags&post=90404"}],"curies":[{"name":"wp","href":"https:\/\/api.w.org\/{rel}","templated":true}]}}