{"id":90280,"date":"2026-03-06T10:39:36","date_gmt":"2026-03-06T17:39:36","guid":{"rendered":"https:\/\/notiissa.mx\/?p=90280"},"modified":"2026-03-06T10:39:36","modified_gmt":"2026-03-06T17:39:36","slug":"dan-a-conocer-el-calendario-del-festival-folklorico-2026","status":"publish","type":"post","link":"https:\/\/notiissa.mx\/?p=90280","title":{"rendered":"Dan a conocer el calendario del Festival Folkl\u00f3rico 2026"},"content":{"rendered":"<p><strong>Con actividades gratuitas para toda la familia.<\/strong><\/p>\n<hr \/>\n<p><strong>Ciudad de Chihuahua.-<\/strong> La Direcci\u00f3n de Desarrollo Humano y Educaci\u00f3n Municipal, reitera la invitaci\u00f3n para participar en el Festival Folkl\u00f3rico 2026, del 13 al 15 de marzo, con actividades todo tipo como la Polka Monumental, en el marco del D\u00eda del Folklore Chihuahuense.<\/p>\n<p><strong>Viernes 13 de marzo a las 14:00 horas en el Teatro de la Ciudad.<\/strong><br \/>\nSe tendr\u00e1 la Segunda Edici\u00f3n del Concurso Chihuahua Capital Folklore Mexicano, con la participaci\u00f3n de compa\u00f1\u00edas en las categor\u00edas Infantil, Juvenil y Libre. Las agrupaciones ganadoras obtendr\u00e1n el pase para presentarse en la Polka Monumental.<\/p>\n<p><strong>S\u00e1bado 14 de marzo a las 10:00 horas en Plaza de Armas.<\/strong><br \/>\n&#8211; Fiesta Mexicana con la participaci\u00f3n de 65 compa\u00f1\u00edas de danza folkl\u00f3rica. Durante la jornada se reconocer\u00e1 la trayectoria de maestras y maestros destacados, y se realizar\u00e1 el Reto Solista, concurso para parejas en categor\u00edas Infantil, Juvenil y Adulto. Las parejas ganadoras formar\u00e1n parte del espect\u00e1culo principal del domingo.<\/p>\n<p>&#8211; A las 13:00 horas en el Centro Hist\u00f3rico, estar\u00e1 el Desfile de Delegaciones con la participaci\u00f3n de 70 compa\u00f1\u00edas y 54 parejas del Reto Solista. El recorrido iniciar\u00e1 en la calle Libertad y concluir\u00e1 en el Palacio Municipal, donde se tomar\u00e1 la fotograf\u00eda monumental.<\/p>\n<p><strong>Domingo 15 de marzo a las 18:00 horas en Plaza El Palomar.<\/strong><br \/>\nGran cierre con la Polka Monumental 2026. Participar\u00e1n 153 compa\u00f1\u00edas de danza y 3 mil 500 bailarines que interpretar\u00e1n nueve polkas y un shotis. Como pieza principal destaca \u201cLas Aguas del R\u00edo Nonoava\u201d, con la que se busca establecer un r\u00e9cord mundial y fortalecer el orgullo por las tradiciones chihuahuenses.<\/p>\n<p>Todas las actividades son totalmente gratuitas. Para comodidad de las y los asistentes, se contar\u00e1 con \u00e1reas de hidrataci\u00f3n, as\u00ed como apoyo de Protecci\u00f3n Civil y Seguridad P\u00fablica.<\/p>\n<p>Se invita a la ciudadan\u00eda a consultar las redes sociales oficiales del evento y del Gobierno Municipal para conocer m\u00e1s detalles y actualizaciones.<\/p>\n","protected":false},"excerpt":{"rendered":"<p>Con actividades gratuitas para toda la familia. Ciudad de Chihuahua.- La Direcci\u00f3n de Desarrollo Humano y Educaci\u00f3n Municipal, reitera la invitaci\u00f3n para participar en el Festival Folkl\u00f3rico 2026, del 13 al 15 de marzo, con actividades todo tipo como la Polka Monumental, en el marco del D\u00eda del Folklore Chihuahuense. Viernes 13 de marzo a [&hellip;]<\/p>\n","protected":false},"author":1,"featured_media":90281,"comment_status":"closed","ping_status":"open","sticky":false,"template":"","format":"standard","meta":{"rop_custom_images_group":[],"rop_custom_messages_group":[],"rop_publish_now":"initial","rop_publish_now_accounts":[],"rop_publish_now_history":[],"rop_publish_now_status":"pending","footnotes":""},"categories":[67,70,72],"tags":[23],"class_list":["post-90280","post","type-post","status-publish","format-standard","has-post-thumbnail","hentry","category-ciudad","category-espectaculos","category-estado","tag-destacado"],"_links":{"self":[{"href":"https:\/\/notiissa.mx\/index.php?rest_route=\/wp\/v2\/posts\/90280","targetHints":{"allow":["GET"]}}],"collection":[{"href":"https:\/\/notiissa.mx\/index.php?rest_route=\/wp\/v2\/posts"}],"about":[{"href":"https:\/\/notiissa.mx\/index.php?rest_route=\/wp\/v2\/types\/post"}],"author":[{"embeddable":true,"href":"https:\/\/notiissa.mx\/index.php?rest_route=\/wp\/v2\/users\/1"}],"replies":[{"embeddable":true,"href":"https:\/\/notiissa.mx\/index.php?rest_route=%2Fwp%2Fv2%2Fcomments&post=90280"}],"version-history":[{"count":1,"href":"https:\/\/notiissa.mx\/index.php?rest_route=\/wp\/v2\/posts\/90280\/revisions"}],"predecessor-version":[{"id":90282,"href":"https:\/\/notiissa.mx\/index.php?rest_route=\/wp\/v2\/posts\/90280\/revisions\/90282"}],"wp:featuredmedia":[{"embeddable":true,"href":"https:\/\/notiissa.mx\/index.php?rest_route=\/wp\/v2\/media\/90281"}],"wp:attachment":[{"href":"https:\/\/notiissa.mx\/index.php?rest_route=%2Fwp%2Fv2%2Fmedia&parent=90280"}],"wp:term":[{"taxonomy":"category","embeddable":true,"href":"https:\/\/notiissa.mx\/index.php?rest_route=%2Fwp%2Fv2%2Fcategories&post=90280"},{"taxonomy":"post_tag","embeddable":true,"href":"https:\/\/notiissa.mx\/index.php?rest_route=%2Fwp%2Fv2%2Ftags&post=90280"}],"curies":[{"name":"wp","href":"https:\/\/api.w.org\/{rel}","templated":true}]}}