{"id":89916,"date":"2026-02-25T10:55:18","date_gmt":"2026-02-25T17:55:18","guid":{"rendered":"https:\/\/notiissa.mx\/?p=89916"},"modified":"2026-02-25T10:55:18","modified_gmt":"2026-02-25T17:55:18","slug":"anuncian-jornadas-de-vacunacion-contra-la-influenza","status":"publish","type":"post","link":"https:\/\/notiissa.mx\/?p=89916","title":{"rendered":"Anuncian jornadas de vacunaci\u00f3n contra la influenza"},"content":{"rendered":"<p><strong>Sarampi\u00f3n y neumococo.<\/strong><\/p>\n<hr \/>\n<p><strong>Chihuahua.-<\/strong> Con el objetivo de fortalecer la protecci\u00f3n de la ciudadan\u00eda, la Secretar\u00eda de Salud llevar\u00e1 a cabo jornadas de vacunaci\u00f3n contra influenza, sarampi\u00f3n y neumococo, conforme a la calendarizaci\u00f3n establecida del 25 de febrero al primero de marzo de 2026.<\/p>\n<p>Estas acciones forman parte de la estrategia permanente de prevenci\u00f3n y control epidemiol\u00f3gico, que prioriza la inoculaci\u00f3n de ni\u00f1as y ni\u00f1os, personas adultas mayores, mujeres embarazadas y poblaci\u00f3n con factores de riesgo.<\/p>\n<p>La dependencia invita a la ciudadan\u00eda a acudir y aprovechar estos espacios para completar esquemas de vacunaci\u00f3n, toda vez que esta es una de las medidas m\u00e1s efectivas para prevenir complicaciones graves y proteger a los grupos m\u00e1s vulnerables.<\/p>\n<p>Las personas interesadas pueden consultar las redes oficiales de la Secretar\u00eda de Salud o acudir a su centro de salud m\u00e1s cercano.<\/p>\n<p><strong>Se instalar\u00e1n puestos de vacunaci\u00f3n en:<\/strong><\/p>\n<p><strong>Chihuahua<\/strong><br \/>\n\u2022 Alsuper Los Leones<br \/>\no 25 al 27 de febrero, de las 9:30 a 19:00 horas<br \/>\no 28 de febrero y primero de marzo, de las 9:30 a 17:30 horas<\/p>\n<p><strong>\u00a0Alsuper Anthony Quinn\u2022<\/strong><br \/>\no 25 al 27 de febrero, de 9:30 a 19:00 horas<br \/>\no 28 de febrero y primero de marzo, de 9:30 a 17:30 horas<\/p>\n<p><strong>Parral<\/strong><br \/>\n\u2022 Bazares colonia PRI<br \/>\no 28 de febrero y primero de marzo, de 9:00 a 13:00 horas<\/p>\n","protected":false},"excerpt":{"rendered":"<p>Sarampi\u00f3n y neumococo. Chihuahua.- Con el objetivo de fortalecer la protecci\u00f3n de la ciudadan\u00eda, la Secretar\u00eda de Salud llevar\u00e1 a cabo jornadas de vacunaci\u00f3n contra influenza, sarampi\u00f3n y neumococo, conforme a la calendarizaci\u00f3n establecida del 25 de febrero al primero de marzo de 2026. Estas acciones forman parte de la estrategia permanente de prevenci\u00f3n y [&hellip;]<\/p>\n","protected":false},"author":1,"featured_media":89917,"comment_status":"closed","ping_status":"open","sticky":false,"template":"","format":"standard","meta":{"rop_custom_images_group":[],"rop_custom_messages_group":[],"rop_publish_now":"initial","rop_publish_now_accounts":[],"rop_publish_now_history":[],"rop_publish_now_status":"pending","footnotes":""},"categories":[67,72],"tags":[23],"class_list":["post-89916","post","type-post","status-publish","format-standard","has-post-thumbnail","hentry","category-ciudad","category-estado","tag-destacado"],"_links":{"self":[{"href":"https:\/\/notiissa.mx\/index.php?rest_route=\/wp\/v2\/posts\/89916","targetHints":{"allow":["GET"]}}],"collection":[{"href":"https:\/\/notiissa.mx\/index.php?rest_route=\/wp\/v2\/posts"}],"about":[{"href":"https:\/\/notiissa.mx\/index.php?rest_route=\/wp\/v2\/types\/post"}],"author":[{"embeddable":true,"href":"https:\/\/notiissa.mx\/index.php?rest_route=\/wp\/v2\/users\/1"}],"replies":[{"embeddable":true,"href":"https:\/\/notiissa.mx\/index.php?rest_route=%2Fwp%2Fv2%2Fcomments&post=89916"}],"version-history":[{"count":1,"href":"https:\/\/notiissa.mx\/index.php?rest_route=\/wp\/v2\/posts\/89916\/revisions"}],"predecessor-version":[{"id":89918,"href":"https:\/\/notiissa.mx\/index.php?rest_route=\/wp\/v2\/posts\/89916\/revisions\/89918"}],"wp:featuredmedia":[{"embeddable":true,"href":"https:\/\/notiissa.mx\/index.php?rest_route=\/wp\/v2\/media\/89917"}],"wp:attachment":[{"href":"https:\/\/notiissa.mx\/index.php?rest_route=%2Fwp%2Fv2%2Fmedia&parent=89916"}],"wp:term":[{"taxonomy":"category","embeddable":true,"href":"https:\/\/notiissa.mx\/index.php?rest_route=%2Fwp%2Fv2%2Fcategories&post=89916"},{"taxonomy":"post_tag","embeddable":true,"href":"https:\/\/notiissa.mx\/index.php?rest_route=%2Fwp%2Fv2%2Ftags&post=89916"}],"curies":[{"name":"wp","href":"https:\/\/api.w.org\/{rel}","templated":true}]}}