{"id":89742,"date":"2026-02-20T11:18:30","date_gmt":"2026-02-20T18:18:30","guid":{"rendered":"https:\/\/notiissa.mx\/?p=89742"},"modified":"2026-02-20T11:18:30","modified_gmt":"2026-02-20T18:18:30","slug":"la-corte-suprema-de-ee-uu-invalida-los-aranceles-globales-de-trump","status":"publish","type":"post","link":"https:\/\/notiissa.mx\/?p=89742","title":{"rendered":"La Corte Suprema de EE.UU. invalida los aranceles globales de Trump"},"content":{"rendered":"<p>El fallo dictamina que el presidente actu\u00f3 m\u00e1s all\u00e1 de las atribuciones que le confiere la ley.<\/p>\n<p>El Tribunal Supremo de EE.UU.<strong> declar\u00f3 ilegales<\/strong> los fundamentos con los que el presidente Donald Trump impuso aranceles globales y <strong>anul\u00f3 su aplicaci\u00f3n<\/strong>, seg\u00fan se desprende de un comunicado del organismo.<\/p>\n<p>La sentencia invalida los aranceles globales impuestos por Trump durante su mandato, tanto los destinados a combatir el tr\u00e1fico de drogas como los conocidos como &#8216;aranceles rec\u00edprocos&#8217;, al considerar que excedieron las facultades legales otorgadas por el Congreso.<\/p>\n<p>El n\u00facleo de la disputa se centr\u00f3 en la interpretaci\u00f3n de la\u00a0<strong>Ley de Poderes Econ\u00f3micos de Emergencia Internacional de 1977<\/strong>\u00a0(IEEPA, por sus siglas en ingl\u00e9s). La Administraci\u00f3n Trump argument\u00f3 que esta ley, que permite al presidente \u00abregular\u00bb el comercio exterior durante una emergencia nacional, le confer\u00eda la autoridad para imponer aranceles de manera unilateral y sin l\u00edmites preestablecidos. Sin embargo, el Tribunal Supremo determin\u00f3 que el poder de \u00abregular\u00bb no equivale al poder de \u00abgravar\u00bb.<\/p>\n<p>El presidente de la Corte Suprema, John Roberts, subray\u00f3 que la facultad de imponer aranceles<strong> es \u00abmuy claramente una rama del poder impositivo\u00bb<\/strong>. Record\u00f3 que la Constituci\u00f3n de Estados Unidos otorga al Congreso, y solo a este organismo, \u00abacceso a los bolsillos del pueblo\u00bb a trav\u00e9s de la recaudaci\u00f3n de impuestos. Por lo tanto, cualquier delegaci\u00f3n de ese poder al Ejecutivo debe ser expl\u00edcita y clara.<\/p>\n<h3><strong>Aranceles<\/strong><\/h3>\n<p>En agosto de este a\u00f1o, el presidente Trump impuso aranceles comerciales a m\u00faltiples pa\u00edses. Los grav\u00e1menes, cuyos montos oscilan<strong>\u00a0entre el 10 % y el 41 %<\/strong>, fueron denominados en una orden ejecutiva como \u00abaranceles rec\u00edprocos ajustados\u00bb.<\/p>\n<p>El mandatario asegura\u00a0que los aranceles son<strong>\u00a0\u00abla mejor herramienta\u00bb<\/strong>\u00a0para ayudar a los trabajadores estadounidenses y apoyar a las empresas\u00a0que producen productos fabricados en EE.UU.<\/p>\n<p>Trump anunci\u00f3\u00a0que EE.UU. recibir\u00e1 m\u00e1s de 600.000 millones de d\u00f3lares en aranceles. \u00abHemos recaudado, y\u00a0<strong>pronto recibiremos, m\u00e1s de 600.000 millones de d\u00f3lares en aranceles<\/strong>, pero los medios de comunicaci\u00f3n falsos se niegan a hablar de ello porque odian y faltan al respeto a nuestro pa\u00eds\u00bb, escribi\u00f3 en su cuenta de Truth Social.<\/p>\n<p>Adem\u00e1s, el mandatario indic\u00f3 que, gracias a los aranceles, \u00abdesde el punto de vista financiero y de la seguridad nacional\u00bb, EE.UU. se convirti\u00f3 en un pa\u00eds \u00ab<strong>mucho m\u00e1s fuerte y respetado<\/strong>\u00ab.<\/p>\n<p><strong>RT.<\/strong><\/p>\n","protected":false},"excerpt":{"rendered":"<p>El fallo dictamina que el presidente actu\u00f3 m\u00e1s all\u00e1 de las atribuciones que le confiere la ley. El Tribunal Supremo de EE.UU. declar\u00f3 ilegales los fundamentos con los que el presidente Donald Trump impuso aranceles globales y anul\u00f3 su aplicaci\u00f3n, seg\u00fan se desprende de un comunicado del organismo. La sentencia invalida los aranceles globales impuestos [&hellip;]<\/p>\n","protected":false},"author":1,"featured_media":89743,"comment_status":"closed","ping_status":"open","sticky":false,"template":"","format":"standard","meta":{"rop_custom_images_group":[],"rop_custom_messages_group":[],"rop_publish_now":"initial","rop_publish_now_accounts":[],"rop_publish_now_history":[],"rop_publish_now_status":"pending","footnotes":""},"categories":[67,61,72,60],"tags":[23],"class_list":["post-89742","post","type-post","status-publish","format-standard","has-post-thumbnail","hentry","category-ciudad","category-economia","category-estado","category-sonnoticia","tag-destacado"],"_links":{"self":[{"href":"https:\/\/notiissa.mx\/index.php?rest_route=\/wp\/v2\/posts\/89742","targetHints":{"allow":["GET"]}}],"collection":[{"href":"https:\/\/notiissa.mx\/index.php?rest_route=\/wp\/v2\/posts"}],"about":[{"href":"https:\/\/notiissa.mx\/index.php?rest_route=\/wp\/v2\/types\/post"}],"author":[{"embeddable":true,"href":"https:\/\/notiissa.mx\/index.php?rest_route=\/wp\/v2\/users\/1"}],"replies":[{"embeddable":true,"href":"https:\/\/notiissa.mx\/index.php?rest_route=%2Fwp%2Fv2%2Fcomments&post=89742"}],"version-history":[{"count":1,"href":"https:\/\/notiissa.mx\/index.php?rest_route=\/wp\/v2\/posts\/89742\/revisions"}],"predecessor-version":[{"id":89744,"href":"https:\/\/notiissa.mx\/index.php?rest_route=\/wp\/v2\/posts\/89742\/revisions\/89744"}],"wp:featuredmedia":[{"embeddable":true,"href":"https:\/\/notiissa.mx\/index.php?rest_route=\/wp\/v2\/media\/89743"}],"wp:attachment":[{"href":"https:\/\/notiissa.mx\/index.php?rest_route=%2Fwp%2Fv2%2Fmedia&parent=89742"}],"wp:term":[{"taxonomy":"category","embeddable":true,"href":"https:\/\/notiissa.mx\/index.php?rest_route=%2Fwp%2Fv2%2Fcategories&post=89742"},{"taxonomy":"post_tag","embeddable":true,"href":"https:\/\/notiissa.mx\/index.php?rest_route=%2Fwp%2Fv2%2Ftags&post=89742"}],"curies":[{"name":"wp","href":"https:\/\/api.w.org\/{rel}","templated":true}]}}