{"id":890,"date":"2015-03-23T00:29:45","date_gmt":"2015-03-23T00:29:45","guid":{"rendered":"http:\/\/notiissa.mx\/?p=890"},"modified":"2015-03-23T00:31:28","modified_gmt":"2015-03-23T00:31:28","slug":"dia-mundial-del-agua-2015","status":"publish","type":"post","link":"https:\/\/notiissa.mx\/?p=890","title":{"rendered":"D\u00eda Mundial del Agua 2015"},"content":{"rendered":"<p>El D\u00eda Mundial del Agua, es una fecha para llamar la atenci\u00f3n sobre la importancia del agua dulce y propiciar mejoras para la poblaci\u00f3n mundial que sufre de problemas relacionados con el agua. Es un d\u00eda para debatir c\u00f3mo debemos gestionar los recursos h\u00eddricos en el futuro. Este a\u00f1o el tema es \u201cAgua y Desarrollo Sostenible\u201d.<\/p>\n<p>El agua es un elemento esencial del desarrollo sostenible. Los recursos h\u00eddricos, y la gama de servicios que prestan, juegan un papel clave en la reducci\u00f3n de la pobreza, el crecimiento econ\u00f3mico y la sostenibilidad ambiental.<\/p>\n<p>El agua propicia el bienestar de la poblaci\u00f3n y el crecimiento inclusivo, y tiene un impacto positivo en la vida de miles de millones de personas, al incidir en cuestiones que afectan a la seguridad alimentaria y energ\u00e9tica, la salud humana y al medio ambiente.<\/p>\n<p>El agua es esencial para la vida pero tambi\u00e9n, es un factor elemental para el desarrollo y bienestar de la humanidad, M\u00e9xico est\u00e1 decidido a que el agua siga siendo un motor de desarrollo sustentable local, regional y nacional, para las presentes y las futuras generaciones.<\/p>\n","protected":false},"excerpt":{"rendered":"<p>El D\u00eda Mundial del Agua, es una fecha para llamar la atenci\u00f3n sobre la importancia del agua dulce y propiciar mejoras para la poblaci\u00f3n mundial que sufre de problemas relacionados con el agua. Es un d\u00eda para debatir c\u00f3mo debemos gestionar los recursos h\u00eddricos en el futuro. Este a\u00f1o el tema es \u201cAgua y Desarrollo [&hellip;]<\/p>\n","protected":false},"author":1,"featured_media":891,"comment_status":"open","ping_status":"open","sticky":false,"template":"","format":"standard","meta":{"rop_custom_images_group":[],"rop_custom_messages_group":[],"rop_publish_now":"initial","rop_publish_now_accounts":[],"rop_publish_now_history":[],"rop_publish_now_status":"pending","footnotes":""},"categories":[60],"tags":[23],"class_list":["post-890","post","type-post","status-publish","format-standard","has-post-thumbnail","hentry","category-sonnoticia","tag-destacado"],"_links":{"self":[{"href":"https:\/\/notiissa.mx\/index.php?rest_route=\/wp\/v2\/posts\/890","targetHints":{"allow":["GET"]}}],"collection":[{"href":"https:\/\/notiissa.mx\/index.php?rest_route=\/wp\/v2\/posts"}],"about":[{"href":"https:\/\/notiissa.mx\/index.php?rest_route=\/wp\/v2\/types\/post"}],"author":[{"embeddable":true,"href":"https:\/\/notiissa.mx\/index.php?rest_route=\/wp\/v2\/users\/1"}],"replies":[{"embeddable":true,"href":"https:\/\/notiissa.mx\/index.php?rest_route=%2Fwp%2Fv2%2Fcomments&post=890"}],"version-history":[{"count":1,"href":"https:\/\/notiissa.mx\/index.php?rest_route=\/wp\/v2\/posts\/890\/revisions"}],"predecessor-version":[{"id":892,"href":"https:\/\/notiissa.mx\/index.php?rest_route=\/wp\/v2\/posts\/890\/revisions\/892"}],"wp:featuredmedia":[{"embeddable":true,"href":"https:\/\/notiissa.mx\/index.php?rest_route=\/wp\/v2\/media\/891"}],"wp:attachment":[{"href":"https:\/\/notiissa.mx\/index.php?rest_route=%2Fwp%2Fv2%2Fmedia&parent=890"}],"wp:term":[{"taxonomy":"category","embeddable":true,"href":"https:\/\/notiissa.mx\/index.php?rest_route=%2Fwp%2Fv2%2Fcategories&post=890"},{"taxonomy":"post_tag","embeddable":true,"href":"https:\/\/notiissa.mx\/index.php?rest_route=%2Fwp%2Fv2%2Ftags&post=890"}],"curies":[{"name":"wp","href":"https:\/\/api.w.org\/{rel}","templated":true}]}}