{"id":88842,"date":"2026-01-25T15:46:38","date_gmt":"2026-01-25T22:46:38","guid":{"rendered":"https:\/\/notiissa.mx\/?p=88842"},"modified":"2026-01-25T15:48:05","modified_gmt":"2026-01-25T22:48:05","slug":"pinero-entra-en-el-segmento-urbano-con-terreno-barrio-hotel","status":"publish","type":"post","link":"https:\/\/notiissa.mx\/?p=88842","title":{"rendered":"Pi\u00f1ero entra en el segmento urbano con Terreno Barrio Hotel"},"content":{"rendered":"<p class=\"yiv9761760619MsoNormal\" style=\"text-align: left;\" align=\"center\"><strong><span lang=\"ES\">Que sit\u00faa a la comunidad local y la cultura en el centro de su experiencia.<\/span><\/strong><\/p>\n<hr \/>\n<p class=\"yiv9761760619MsoNormal\"><span lang=\"es\">\u25cf<\/span><b><span lang=\"es\">El hotel, que contar\u00e1 con 41 habitaciones, es una apuesta por un modelo de turismo responsable y regenerativo que busca integrarse en el d\u00eda a d\u00eda del barrio, brindando espacios y experiencias que generen un impacto positivo para la comunidad local.<\/span><\/b><\/p>\n<p class=\"yiv9761760619MsoNormal\"><span lang=\"ES\">\u25cf<\/span><b><span lang=\"ES\">El hotel destaca por su construcci\u00f3n responsable y certificada con los mayores est\u00e1ndares de sostenibilidad, adem\u00e1s de su apuesta por la circularidad y la integraci\u00f3n social.<\/span><\/b><\/p>\n<p class=\"yiv9761760619MsoNormal\"><span lang=\"es\">\u25cf<\/span><b><span lang=\"es\">La propuesta cultural y gastron\u00f3mica ofrece espacios abiertos concebidos para acoger actividades art\u00edsticas y una cocina mediterr\u00e1nea con producto de proximidad.<\/span><\/b><\/p>\n<hr \/>\n<p class=\"yiv9761760619MsoNormal\"><b><span lang=\"ES\">Palma \/ Madrid.-<\/span><\/b><span lang=\"ES\"> Pi\u00f1ero ha presentado hoy en el marco de FITUR su proyecto m\u00e1s personal y arraigado a la isla de Mallorca, <b>Terreno Barrio Hotel<\/b>. Este nuevo establecimiento, que contar\u00e1 con 41 habitaciones y tiene prevista su apertura para la <b>primavera de 2026<\/b>, trasciende el alojamiento para convertirse en un dinamizador cultural y social del emblem\u00e1tico barrio palmesano. <\/span><\/p>\n<p class=\"yiv9761760619MsoNormal\"><b><span lang=\"ES\">Lydia Pi\u00f1ero<\/span><\/b><span lang=\"ES\">, responsable de la gesti\u00f3n patrimonial del Family Office de Pi\u00f1ero, ha destacado durante el acto que el hotel nace de un profundo respeto por la cultura mallorquina: \u201cNuestro principal prop\u00f3sito es revitalizar el barrio del Terreno manteniendo su esencia. Hemos desarrollado este espacio para que impulse tanto la vida local como el tejido empresarial de la zona, apostando por un turismo responsable que no dependa solo del visitante, sino que sea parte del d\u00eda a d\u00eda de los residentes\u201d.<\/span><\/p>\n<p class=\"yiv9761760619MsoNormal\"><span lang=\"ES\">En ese sentido, el evento ha servido para conocer su oferta cultural y gastron\u00f3mica. En palabras de su director, <b>Nabil Aguilera<\/b>: \u201cTerreno Barrio Hotel ser\u00e1 m\u00e1s que un espacio de alojamiento; ser\u00e1 un lugar vivo, con contenido y alma, que dialoga continuamente con la comunidad. Ofreceremos espacios y experiencias que generen un impacto positivo tanto para hu\u00e9spedes como para locales\u201d. <\/span><\/p>\n<p class=\"yiv9761760619MsoNormal\"><span lang=\"ES\">As\u00ed, el hotel contar\u00e1 con una agenda y programa cultural dise\u00f1ado para ser el coraz\u00f3n del barrio. Entre sus instalaciones destaca una <b>Pop Up Gallery,<\/b> un espacio vers\u00e1til destinado a exposiciones de artistas locales y colaboraciones creativas, as\u00ed como un cine propio que acoger\u00e1 proyecciones y ciclos culturales. Estos espacios, junto con las zonas comunes abiertas, buscan fomentar el intercambio art\u00edstico y social, impulsando al hotel como un punto de encuentro para los vecinos de Palma durante todo el a\u00f1o.<\/span><\/p>\n<p class=\"yiv9761760619MsoNormal\"><b><span lang=\"es\">Apuesta por talento local<\/span><\/b><\/p>\n<p class=\"yiv9761760619MsoNormal\"><span lang=\"ES\">Para garantizar una visi\u00f3n aut\u00e9ntica, Pi\u00f1ero ha contado con profesionales locales en todas las fases del proyecto. As\u00ed, el estudio de arquitectura mallorqu\u00edn <b>OHLAB<\/b> ha sido el encargado de integrar las dos estructuras que lo componen. Una de ellas es un edificio de 1932, obra del reconocido arquitecto <b>Francesc Casas Llompart<\/b>, que ha sido rehabilitado cuidadosamente para preservar su valor hist\u00f3rico y art\u00edstico. El segundo edificio, de nueva planta, ha sido dise\u00f1ado bajo los est\u00e1ndares <b>Passivhaus<\/b> y cuenta con certificaci\u00f3n <b>LEED Platinum<\/b>, posicionando al proyecto a la vanguardia de la eficiencia energ\u00e9tica.<\/span><\/p>\n<p class=\"yiv9761760619MsoNormal\"><span lang=\"ES\">A<a rel=\"nofollow noopener noreferrer\">simismo, la conceptualizaci\u00f3n ha corrido a cargo de la agencia local <b>Studio Roses<\/b> cuyo director creativo Rafa Roses ha destacado que \u201cSe ha concebido como un hotel para los residentes que va a ser importante para los visitantes, integrando la vida local con la experiencia del viajero\u201d. <\/a><\/span><span lang=\"es\"><a id=\"yiv9761760619gmail-_anchor_1\" class=\"yiv9761760619gmail-msocomanchor\" href=\"https:\/\/mail.yahoo.com\/c\/d\/folders\/1\/messages\/6799?.intl=e1&amp;.lang=es-US&amp;reason=cloud#_msocom_1\" rel=\"nofollow noopener noreferrer\" name=\"_msoanchor_1\"><\/a><\/span><\/p>\n<p class=\"yiv9761760619MsoNormal\"><span lang=\"ES\">La presentaci\u00f3n ha culminado con una experiencia culinaria de la mano de Gabriel Conti, Chef ejecutivo de Restaurante Destape. Dicho momento, ha servido para desgranar una propuesta gastron\u00f3mica entendida como una experiencia mediterr\u00e1nea, local y viva. El concepto se basa en el producto fresco y de proximidad con una cocina contempor\u00e1nea que evolucionar\u00e1 seg\u00fan la temporada. Esta oferta se complementar\u00e1 con desayunos a la carta pensados para disfrutar del sabor de Mallorca sin prisas, y con <b>El Terrado<\/b>, un punto de encuentro en altura para degustar c\u00f3cteles y snacks con vistas al barrio. La oferta gastron\u00f3mica se completa con su cafeter\u00eda, ideal para disfrutar de caf\u00e9s y bebidas naturales, y un <b>Club<\/b> que ofrecer\u00e1 cocteler\u00eda de autor y conciertos como jazz, noche flamenca, entre otras ofertas culturales. <\/span><\/p>\n<p class=\"yiv9761760619MsoNormal\"><span lang=\"es\">Con este proyecto, Pi\u00f1ero reafirma su compromiso con la desestacionalizaci\u00f3n del sector y el impulso a la econom\u00eda local mediante la contrataci\u00f3n de proveedores de la isla y la creaci\u00f3n de un espacio abierto a la comunidad.<\/span><\/p>\n","protected":false},"excerpt":{"rendered":"<p>Que sit\u00faa a la comunidad local y la cultura en el centro de su experiencia. \u25cfEl hotel, que contar\u00e1 con 41 habitaciones, es una apuesta por un modelo de turismo responsable y regenerativo que busca integrarse en el d\u00eda a d\u00eda del barrio, brindando espacios y experiencias que generen un impacto positivo para la comunidad [&hellip;]<\/p>\n","protected":false},"author":1,"featured_media":88843,"comment_status":"closed","ping_status":"open","sticky":false,"template":"","format":"standard","meta":{"rop_custom_images_group":[],"rop_custom_messages_group":[],"rop_publish_now":"initial","rop_publish_now_accounts":[],"rop_publish_now_history":[],"rop_publish_now_status":"pending","footnotes":""},"categories":[75,67,61,72,66],"tags":[23],"class_list":["post-88842","post","type-post","status-publish","format-standard","has-post-thumbnail","hentry","category-actualidad","category-ciudad","category-economia","category-estado","category-estilo-de-vida","tag-destacado"],"_links":{"self":[{"href":"https:\/\/notiissa.mx\/index.php?rest_route=\/wp\/v2\/posts\/88842","targetHints":{"allow":["GET"]}}],"collection":[{"href":"https:\/\/notiissa.mx\/index.php?rest_route=\/wp\/v2\/posts"}],"about":[{"href":"https:\/\/notiissa.mx\/index.php?rest_route=\/wp\/v2\/types\/post"}],"author":[{"embeddable":true,"href":"https:\/\/notiissa.mx\/index.php?rest_route=\/wp\/v2\/users\/1"}],"replies":[{"embeddable":true,"href":"https:\/\/notiissa.mx\/index.php?rest_route=%2Fwp%2Fv2%2Fcomments&post=88842"}],"version-history":[{"count":1,"href":"https:\/\/notiissa.mx\/index.php?rest_route=\/wp\/v2\/posts\/88842\/revisions"}],"predecessor-version":[{"id":88844,"href":"https:\/\/notiissa.mx\/index.php?rest_route=\/wp\/v2\/posts\/88842\/revisions\/88844"}],"wp:featuredmedia":[{"embeddable":true,"href":"https:\/\/notiissa.mx\/index.php?rest_route=\/wp\/v2\/media\/88843"}],"wp:attachment":[{"href":"https:\/\/notiissa.mx\/index.php?rest_route=%2Fwp%2Fv2%2Fmedia&parent=88842"}],"wp:term":[{"taxonomy":"category","embeddable":true,"href":"https:\/\/notiissa.mx\/index.php?rest_route=%2Fwp%2Fv2%2Fcategories&post=88842"},{"taxonomy":"post_tag","embeddable":true,"href":"https:\/\/notiissa.mx\/index.php?rest_route=%2Fwp%2Fv2%2Ftags&post=88842"}],"curies":[{"name":"wp","href":"https:\/\/api.w.org\/{rel}","templated":true}]}}