{"id":88734,"date":"2026-01-22T10:21:27","date_gmt":"2026-01-22T17:21:27","guid":{"rendered":"https:\/\/notiissa.mx\/?p=88734"},"modified":"2026-01-22T10:21:27","modified_gmt":"2026-01-22T17:21:27","slug":"promueven-a-barrancas-del-cobre-en-la-fitur-de-madrid","status":"publish","type":"post","link":"https:\/\/notiissa.mx\/?p=88734","title":{"rendered":"Promueven a Barrancas del Cobre en la FITUR de Madrid"},"content":{"rendered":"<p><strong>Chihuahua.-<\/strong> En el marco de la Feria Internacional de Turismo (FITUR) 2026, que se desarrolla en Madrid, Espa\u00f1a, fue presentada la nueva campa\u00f1a de promoci\u00f3n tur\u00edstica del estado de Chihuahua, para posicionarlo como destino global rumbo al Mundial de F\u00fatbol 2026.<\/p>\n<p>Adem\u00e1s busca fortalecer la presencia de la entidad en los mercados europeos mediante alianzas con la industria tur\u00edstica, al destacar la diversidad natural, cultural y de experiencias que ofrece.<\/p>\n<p>El encuentro se realiz\u00f3 en el Palacio de Linares, sede de la Casa de Am\u00e9rica y reuni\u00f3 a 80 invitados estrat\u00e9gicos, entre representantes de la cadena de distribuci\u00f3n tur\u00edstica de Espa\u00f1a, medios especializados y l\u00edderes de opini\u00f3n del sector.<\/p>\n<p>Entre los destinos que fueron destacados, se encuentran las Barrancas del Cobre, un sistema de ca\u00f1ones cuatro veces m\u00e1s grande que el Gran Ca\u00f1\u00f3n del Colorado, as\u00ed como la experiencia del Chepe Express, uno de los recorridos ferroviarios m\u00e1s emblem\u00e1ticos de Am\u00e9rica Latina.<\/p>\n<p>Adem\u00e1s de la conectividad a\u00e9rea que se tiene desde Europa v\u00eda Ciudad de M\u00e9xico, Guadalajara y Monterrey, as\u00ed como los vuelos directos Dallas-Chihuahua.<\/p>\n<p>La exposici\u00f3n fue encabezada por el secretario de Turismo, Edibray G\u00f3mez Gallegos, y concluy\u00f3 con la entrega de reconocimientos a empresas y promotores tur\u00edsticos distinguidos como Embajadores de Chihuahua, durante esta Feria que re\u00fane a cerca de 250 mil participantes de 156 pa\u00edses.<\/p>\n","protected":false},"excerpt":{"rendered":"<p>Chihuahua.- En el marco de la Feria Internacional de Turismo (FITUR) 2026, que se desarrolla en Madrid, Espa\u00f1a, fue presentada la nueva campa\u00f1a de promoci\u00f3n tur\u00edstica del estado de Chihuahua, para posicionarlo como destino global rumbo al Mundial de F\u00fatbol 2026. Adem\u00e1s busca fortalecer la presencia de la entidad en los mercados europeos mediante alianzas [&hellip;]<\/p>\n","protected":false},"author":1,"featured_media":88735,"comment_status":"closed","ping_status":"open","sticky":false,"template":"","format":"standard","meta":{"rop_custom_images_group":[],"rop_custom_messages_group":[],"rop_publish_now":"initial","rop_publish_now_accounts":[],"rop_publish_now_history":[],"rop_publish_now_status":"pending","footnotes":""},"categories":[67,72],"tags":[23],"class_list":["post-88734","post","type-post","status-publish","format-standard","has-post-thumbnail","hentry","category-ciudad","category-estado","tag-destacado"],"_links":{"self":[{"href":"https:\/\/notiissa.mx\/index.php?rest_route=\/wp\/v2\/posts\/88734","targetHints":{"allow":["GET"]}}],"collection":[{"href":"https:\/\/notiissa.mx\/index.php?rest_route=\/wp\/v2\/posts"}],"about":[{"href":"https:\/\/notiissa.mx\/index.php?rest_route=\/wp\/v2\/types\/post"}],"author":[{"embeddable":true,"href":"https:\/\/notiissa.mx\/index.php?rest_route=\/wp\/v2\/users\/1"}],"replies":[{"embeddable":true,"href":"https:\/\/notiissa.mx\/index.php?rest_route=%2Fwp%2Fv2%2Fcomments&post=88734"}],"version-history":[{"count":1,"href":"https:\/\/notiissa.mx\/index.php?rest_route=\/wp\/v2\/posts\/88734\/revisions"}],"predecessor-version":[{"id":88736,"href":"https:\/\/notiissa.mx\/index.php?rest_route=\/wp\/v2\/posts\/88734\/revisions\/88736"}],"wp:featuredmedia":[{"embeddable":true,"href":"https:\/\/notiissa.mx\/index.php?rest_route=\/wp\/v2\/media\/88735"}],"wp:attachment":[{"href":"https:\/\/notiissa.mx\/index.php?rest_route=%2Fwp%2Fv2%2Fmedia&parent=88734"}],"wp:term":[{"taxonomy":"category","embeddable":true,"href":"https:\/\/notiissa.mx\/index.php?rest_route=%2Fwp%2Fv2%2Fcategories&post=88734"},{"taxonomy":"post_tag","embeddable":true,"href":"https:\/\/notiissa.mx\/index.php?rest_route=%2Fwp%2Fv2%2Ftags&post=88734"}],"curies":[{"name":"wp","href":"https:\/\/api.w.org\/{rel}","templated":true}]}}