{"id":88675,"date":"2026-01-21T09:21:39","date_gmt":"2026-01-21T16:21:39","guid":{"rendered":"https:\/\/notiissa.mx\/?p=88675"},"modified":"2026-01-21T09:22:26","modified_gmt":"2026-01-21T16:22:26","slug":"ultimatum-de-trump-sobre-groenlandia","status":"publish","type":"post","link":"https:\/\/notiissa.mx\/?p=88675","title":{"rendered":"Ultim\u00e1tum de Trump sobre Groenlandia"},"content":{"rendered":"<hr \/>\n<h1 class=\"HeadLine-root HeadLine-type_2 \">\u00abNos dicen s\u00ed, y les agradeceremos. Nos dicen no, y lo recordaremos\u00bb<\/h1>\n<hr \/>\n<p>El mandatario estadounidense interviene en el Foro Econ\u00f3mico Mundial de Davos 2026 en medio de las tensiones con Europa.<\/p>\n<p>El presidente de EE.UU., Donald Trump, <strong>lanz\u00f3 un ultim\u00e1tum<\/strong> a los l\u00edderes europeos este mi\u00e9rcoles durante su intervenci\u00f3n en el Foro Econ\u00f3mico Mundial de Davos 2026, que se desarrolla en Suiza en medio de las tensiones del mandatario con Europa por Groenlandia.<\/p>\n<p>\u00abTienen la opci\u00f3n. <strong>Pueden decir que s\u00ed<\/strong>, y se lo agradeceremos much\u00edsimo. O pueden decir que no, y <strong>lo recordaremos\u00bb<\/strong>, dijo Trump refiri\u00e9ndose a sus ambiciones de tomar la isla danesa.<\/p>\n<p>Seg\u00fan el mandatario, su pa\u00eds solamente quiere <strong>\u00abun trozo de hielo<\/strong> para proteger el mundo\u00bb. <strong>\u00abNo nos lo dan<\/strong>, nunca hemos pedido nada m\u00e1s, podr\u00edamos habernos quedado con ese pedazo de tierra y no lo hicimos\u00bb, asegur\u00f3.<\/p>\n<p>El l\u00edder republicano asegur\u00f3 que trabaja cada d\u00eda para asegurar que su pa\u00eds sea una <strong>naci\u00f3n \u00abfuerte y segura\u00bb<\/strong>, lo cual, en su opini\u00f3n, tambi\u00e9n se refleja en la OTAN, organizaci\u00f3n en la que coopera con distintos pa\u00edses europeos en materia de seguridad.<\/p>\n<h3>Tensiones en torno a Groenlandia<\/h3>\n<ul>\n<li>La semana pasada, el presidente Trump anunci\u00f3\u00a0la imposici\u00f3n de un\u00a0<strong>arancel de 10 %<\/strong> sobre todos los productos procedentes de ocho pa\u00edses europeos \u2014todos ellos miembros de la OTAN: Dinamarca, Noruega, Suecia, Francia, Alemania, Reino Unido, Pa\u00edses Bajos y Finlandia\u2014, que enviaron\u00a0<strong>fuerzas militares a Groenlandia<\/strong> en medio de las tensiones en torno a las ambiciones\u00a0del mandatario de apoderarse de la isla. Prevista para\u00a0entrar en vigor el pr\u00f3ximo 1 de febrero, la tasa se incrementar\u00eda\u00a0a 25 % a partir del 1 de junio.<\/li>\n<li>Las ocho naciones afectadas denunciaron la imposici\u00f3n\u00a0de aranceles por parte de Washington. Adem\u00e1s, prometieron una <strong>respuesta conjunta.<\/strong><\/li>\n<li><\/li>\n<li>RT.<\/li>\n<\/ul>\n","protected":false},"excerpt":{"rendered":"<p>\u00abNos dicen s\u00ed, y les agradeceremos. Nos dicen no, y lo recordaremos\u00bb El mandatario estadounidense interviene en el Foro Econ\u00f3mico Mundial de Davos 2026 en medio de las tensiones con Europa. El presidente de EE.UU., Donald Trump, lanz\u00f3 un ultim\u00e1tum a los l\u00edderes europeos este mi\u00e9rcoles durante su intervenci\u00f3n en el Foro Econ\u00f3mico Mundial de [&hellip;]<\/p>\n","protected":false},"author":1,"featured_media":88676,"comment_status":"closed","ping_status":"open","sticky":false,"template":"","format":"standard","meta":{"rop_custom_images_group":[],"rop_custom_messages_group":[],"rop_publish_now":"initial","rop_publish_now_accounts":[],"rop_publish_now_history":[],"rop_publish_now_status":"pending","footnotes":""},"categories":[67,72,77],"tags":[23],"class_list":["post-88675","post","type-post","status-publish","format-standard","has-post-thumbnail","hentry","category-ciudad","category-estado","category-ni-lectoris","tag-destacado"],"_links":{"self":[{"href":"https:\/\/notiissa.mx\/index.php?rest_route=\/wp\/v2\/posts\/88675","targetHints":{"allow":["GET"]}}],"collection":[{"href":"https:\/\/notiissa.mx\/index.php?rest_route=\/wp\/v2\/posts"}],"about":[{"href":"https:\/\/notiissa.mx\/index.php?rest_route=\/wp\/v2\/types\/post"}],"author":[{"embeddable":true,"href":"https:\/\/notiissa.mx\/index.php?rest_route=\/wp\/v2\/users\/1"}],"replies":[{"embeddable":true,"href":"https:\/\/notiissa.mx\/index.php?rest_route=%2Fwp%2Fv2%2Fcomments&post=88675"}],"version-history":[{"count":1,"href":"https:\/\/notiissa.mx\/index.php?rest_route=\/wp\/v2\/posts\/88675\/revisions"}],"predecessor-version":[{"id":88677,"href":"https:\/\/notiissa.mx\/index.php?rest_route=\/wp\/v2\/posts\/88675\/revisions\/88677"}],"wp:featuredmedia":[{"embeddable":true,"href":"https:\/\/notiissa.mx\/index.php?rest_route=\/wp\/v2\/media\/88676"}],"wp:attachment":[{"href":"https:\/\/notiissa.mx\/index.php?rest_route=%2Fwp%2Fv2%2Fmedia&parent=88675"}],"wp:term":[{"taxonomy":"category","embeddable":true,"href":"https:\/\/notiissa.mx\/index.php?rest_route=%2Fwp%2Fv2%2Fcategories&post=88675"},{"taxonomy":"post_tag","embeddable":true,"href":"https:\/\/notiissa.mx\/index.php?rest_route=%2Fwp%2Fv2%2Ftags&post=88675"}],"curies":[{"name":"wp","href":"https:\/\/api.w.org\/{rel}","templated":true}]}}