{"id":88667,"date":"2026-01-20T15:50:30","date_gmt":"2026-01-20T22:50:30","guid":{"rendered":"https:\/\/notiissa.mx\/?p=88667"},"modified":"2026-01-20T15:50:30","modified_gmt":"2026-01-20T22:50:30","slug":"aprueban-en-comision-convocatoria-para-jornada-infantil-2026","status":"publish","type":"post","link":"https:\/\/notiissa.mx\/?p=88667","title":{"rendered":"Aprueban en Comisi\u00f3n convocatoria para Jornada Infantil 2026"},"content":{"rendered":"<p><strong>La Jornada C\u00edvica Electoral Infantil 2026 se realizar\u00e1 el jueves 19 de marzo de 2026.<\/strong><\/p>\n<hr \/>\n<p class=\"yiv0121804132MsoNormal\"><strong>Ciudad de Chihuahua.-<\/strong> Durante la Quinta Sesi\u00f3n de la Comisi\u00f3n de Educaci\u00f3n del H. Ayuntamiento del Municipio de Chihuahua, se aprob\u00f3 la convocatoria para la Jornada C\u00edvica Electoral Infantil 2026, mediante la cual se elegir\u00e1 al Decimoquinto Consejo Infantil del Municipio de Chihuahua.<\/p>\n<p class=\"yiv0121804132MsoNormal\">La Regidora presidenta de la comisi\u00f3n Myrna Monge Mel\u00e9ndez dio a conocer que la jornada est\u00e1 organizada por la Direcci\u00f3n de Desarrollo Humano y Educaci\u00f3n del Gobierno Municipal, en colaboraci\u00f3n con el Instituto Estatal Electoral y por esta ocasi\u00f3n participa la Benem\u00e9rita y Centenaria Escuela Normal del Estado de Chihuahua \u00abProfr. Luis Ur\u00edas Belderr\u00e1in\u00bb en el marco de su 120 aniversario y tiene como objetivo promover la participaci\u00f3n ciudadana y los valores democr\u00e1ticos entre las ni\u00f1as y ni\u00f1os del municipio.<\/p>\n<p class=\"yiv0121804132MsoNormal\">La convocatoria est\u00e1 dirigida a estudiantes que cursan el sexto grado de educaci\u00f3n primaria en escuelas p\u00fablicas y privadas del municipio de Chihuahua. Cada instituci\u00f3n educativa podr\u00e1 registrar hasta dos representantes, atendiendo el principio de paridad de g\u00e9nero.<\/p>\n<p class=\"yiv0121804132MsoNormal\">Se gestionar\u00e1 especialmente la participaci\u00f3n de ni\u00f1as y ni\u00f1os ind\u00edgenas, con discapacidad y de escuelas ubicadas en la zona rural del municipio.<\/p>\n<p class=\"yiv0121804132MsoNormal\">Las inscripciones se llevar\u00e1n a cabo del 3 al 27 de febrero de 2026, en horario de 9:00 a 13:30 horas, en las oficinas de la Subdirecci\u00f3n de Educaci\u00f3n ubicadas en calle 2\u00aa No. 4, esquina con Avenida Ju\u00e1rez, Primer Piso, Colonia Centro.<\/p>\n<p class=\"yiv0121804132MsoNormal\">La Jornada C\u00edvica Electoral Infantil 2026 se realizar\u00e1 el jueves 19 de marzo de 2026 a las 09:00 horas en la Escuela Normal del Estado de Chihuahua, ubicada en la confluencia de las calles R\u00edo Florido y R\u00edo Sacramento, Colonia Junta de los R\u00edos. Durante este evento, los estudiantes participar\u00e1n en mesas de trabajo tem\u00e1ticas donde expondr\u00e1n temas relacionados con los derechos de la ni\u00f1ez, tales como participaci\u00f3n e inclusi\u00f3n, educaci\u00f3n y vida libre de violencia, y vida en familia y entornos seguros.<\/p>\n<p class=\"yiv0121804132MsoNormal\">El proceso contempla diversas modalidades de participaci\u00f3n para garantizar la accesibilidad e inclusi\u00f3n, incluyendo exposici\u00f3n oral, pict\u00f3rica, lengua de se\u00f1as mexicana, lectoescritura braille y audio descriptiva. Mediante votaci\u00f3n electr\u00f3nica, se elegir\u00e1n a los titulares infantiles de la Presidencia Municipal, Sindicatura, Secretar\u00eda del H. Ayuntamiento, Regidur\u00edas y Gabinete Municipal.<\/p>\n<p class=\"yiv0121804132MsoNormal\">Aprobaron por unanimidad de votos de las y los integrantes de la Comisi\u00f3n de Educaci\u00f3n la convocatoria, las Regidoras Myrna Monge (PAN), Elena Rojo (Morena) y Jos\u00e9 Alfredo Navarrete Paz (PAN) con asistencia de la S\u00edndica Municipal Olivia Franco Barrag\u00e1n y\u00a0 H\u00e9ctor Villanueva de Acci\u00f3n C\u00edvica de la Direcci\u00f3n de\u00a0Desarrollo Humano y Educaci\u00f3n. El dictamen pasar\u00e1 a votaci\u00f3n del Honorable Ayuntamiento del Municipio de Chihuahua en pr\u00f3xima sesi\u00f3n Ordinaria de Cabildo.<\/p>\n<p class=\"yiv0121804132MsoNormal\">Esta jornada representa una valiosa oportunidad para que las ni\u00f1as y ni\u00f1os de Chihuahua experimenten de manera pr\u00e1ctica los procesos democr\u00e1ticos, conozcan sus derechos y desarrollen habilidades de participaci\u00f3n ciudadana que fortalecer\u00e1n su formaci\u00f3n c\u00edvica, concluy\u00f3 la Regidora Myrna Monge.<\/p>\n","protected":false},"excerpt":{"rendered":"<p>La Jornada C\u00edvica Electoral Infantil 2026 se realizar\u00e1 el jueves 19 de marzo de 2026. Ciudad de Chihuahua.- Durante la Quinta Sesi\u00f3n de la Comisi\u00f3n de Educaci\u00f3n del H. Ayuntamiento del Municipio de Chihuahua, se aprob\u00f3 la convocatoria para la Jornada C\u00edvica Electoral Infantil 2026, mediante la cual se elegir\u00e1 al Decimoquinto Consejo Infantil del [&hellip;]<\/p>\n","protected":false},"author":1,"featured_media":88668,"comment_status":"closed","ping_status":"open","sticky":false,"template":"","format":"standard","meta":{"rop_custom_images_group":[],"rop_custom_messages_group":[],"rop_publish_now":"initial","rop_publish_now_accounts":[],"rop_publish_now_history":[],"rop_publish_now_status":"pending","footnotes":""},"categories":[67,72],"tags":[23],"class_list":["post-88667","post","type-post","status-publish","format-standard","has-post-thumbnail","hentry","category-ciudad","category-estado","tag-destacado"],"_links":{"self":[{"href":"https:\/\/notiissa.mx\/index.php?rest_route=\/wp\/v2\/posts\/88667","targetHints":{"allow":["GET"]}}],"collection":[{"href":"https:\/\/notiissa.mx\/index.php?rest_route=\/wp\/v2\/posts"}],"about":[{"href":"https:\/\/notiissa.mx\/index.php?rest_route=\/wp\/v2\/types\/post"}],"author":[{"embeddable":true,"href":"https:\/\/notiissa.mx\/index.php?rest_route=\/wp\/v2\/users\/1"}],"replies":[{"embeddable":true,"href":"https:\/\/notiissa.mx\/index.php?rest_route=%2Fwp%2Fv2%2Fcomments&post=88667"}],"version-history":[{"count":1,"href":"https:\/\/notiissa.mx\/index.php?rest_route=\/wp\/v2\/posts\/88667\/revisions"}],"predecessor-version":[{"id":88669,"href":"https:\/\/notiissa.mx\/index.php?rest_route=\/wp\/v2\/posts\/88667\/revisions\/88669"}],"wp:featuredmedia":[{"embeddable":true,"href":"https:\/\/notiissa.mx\/index.php?rest_route=\/wp\/v2\/media\/88668"}],"wp:attachment":[{"href":"https:\/\/notiissa.mx\/index.php?rest_route=%2Fwp%2Fv2%2Fmedia&parent=88667"}],"wp:term":[{"taxonomy":"category","embeddable":true,"href":"https:\/\/notiissa.mx\/index.php?rest_route=%2Fwp%2Fv2%2Fcategories&post=88667"},{"taxonomy":"post_tag","embeddable":true,"href":"https:\/\/notiissa.mx\/index.php?rest_route=%2Fwp%2Fv2%2Ftags&post=88667"}],"curies":[{"name":"wp","href":"https:\/\/api.w.org\/{rel}","templated":true}]}}