{"id":88655,"date":"2026-01-20T11:55:42","date_gmt":"2026-01-20T18:55:42","guid":{"rendered":"https:\/\/notiissa.mx\/?p=88655"},"modified":"2026-01-20T11:55:42","modified_gmt":"2026-01-20T18:55:42","slug":"inauguran-en-meoqui-modulo-movil-de-desayunos-escolares","status":"publish","type":"post","link":"https:\/\/notiissa.mx\/?p=88655","title":{"rendered":"Inauguran en Meoqui M\u00f3dulo M\u00f3vil de Desayunos Escolares"},"content":{"rendered":"<p><strong>Cerca de 80 ni\u00f1os del Jard\u00edn de Ni\u00f1os \u201cManuel \u00c1vila Camacho\u201d ser\u00e1n beneficiados con desayunos calientes.<\/strong><\/p>\n<hr \/>\n<p><strong>Meoqui, Chihuahua.-<\/strong> En Meoqui, se llev\u00f3 a cabo la inauguraci\u00f3n del primer comedor m\u00f3vil en modalidad caliente del municipio, en el Jard\u00edn de Ni\u00f1os \u201cManuel \u00c1vila Camacho\u201d del seccional L\u00e1zaro C\u00e1rdenas, que permitir\u00e1 que cerca de 80 ni\u00f1os y ni\u00f1as puedan acceder a un desayuno nutritivo.<\/p>\n<p>La presidenta del DIF Municipal, Norelia Hern\u00e1ndez, destac\u00f3 que este logro fue posible gracias al respaldo de los gobiernos municipal y estatal, encabezado por la gobernadora Maru Campos, as\u00ed como a las gestiones realizadas por el DIF. Expres\u00f3 su satisfacci\u00f3n por la apertura de este comedor, al tratarse del primero en modalidad caliente en un jard\u00edn de ni\u00f1os del municipio. \u201cEstamos muy contentos porque este es el primer comedor de este tipo en un preescolar; creemos que es el inicio de muchas buenas noticias y esperamos que pronto podamos contar con uno en todos los jardines de ni\u00f1os de Meoqui\u201d, se\u00f1al\u00f3.<\/p>\n<p>Por su parte, Gustavo Rasc\u00f3n, representante de la Direcci\u00f3n de Alimentaci\u00f3n y Desarrollo Comunitario del DIF Estatal, explic\u00f3 que el programa de m\u00f3dulos m\u00f3viles de desayunos calientes escolares es una estrategia implementada en el estado de Chihuahua para apoyar a escuelas que carecen de infraestructura adecuada para un comedor. Subray\u00f3 adem\u00e1s la estrecha colaboraci\u00f3n que se ha mantenido con la alcaldesa Miriam Soto, quien ha mostrado total disposici\u00f3n para concretar este tipo de apoyos en beneficio de la ni\u00f1ez.<\/p>\n<p>\u201cCada vez se fortalece m\u00e1s la cercan\u00eda entre el Gobierno del Estado y el municipio de Meoqui, lo cual nos permite tener un mayor impacto y reiterar el compromiso que se tiene no solo con el estado, sino directamente con las familias de Meoqui a trav\u00e9s de su alcaldesa\u201d, concluy\u00f3.<\/p>\n","protected":false},"excerpt":{"rendered":"<p>Cerca de 80 ni\u00f1os del Jard\u00edn de Ni\u00f1os \u201cManuel \u00c1vila Camacho\u201d ser\u00e1n beneficiados con desayunos calientes. Meoqui, Chihuahua.- En Meoqui, se llev\u00f3 a cabo la inauguraci\u00f3n del primer comedor m\u00f3vil en modalidad caliente del municipio, en el Jard\u00edn de Ni\u00f1os \u201cManuel \u00c1vila Camacho\u201d del seccional L\u00e1zaro C\u00e1rdenas, que permitir\u00e1 que cerca de 80 ni\u00f1os y [&hellip;]<\/p>\n","protected":false},"author":1,"featured_media":88656,"comment_status":"closed","ping_status":"open","sticky":false,"template":"","format":"standard","meta":{"rop_custom_images_group":[],"rop_custom_messages_group":[],"rop_publish_now":"initial","rop_publish_now_accounts":[],"rop_publish_now_history":[],"rop_publish_now_status":"pending","footnotes":""},"categories":[67,72],"tags":[23],"class_list":["post-88655","post","type-post","status-publish","format-standard","has-post-thumbnail","hentry","category-ciudad","category-estado","tag-destacado"],"_links":{"self":[{"href":"https:\/\/notiissa.mx\/index.php?rest_route=\/wp\/v2\/posts\/88655","targetHints":{"allow":["GET"]}}],"collection":[{"href":"https:\/\/notiissa.mx\/index.php?rest_route=\/wp\/v2\/posts"}],"about":[{"href":"https:\/\/notiissa.mx\/index.php?rest_route=\/wp\/v2\/types\/post"}],"author":[{"embeddable":true,"href":"https:\/\/notiissa.mx\/index.php?rest_route=\/wp\/v2\/users\/1"}],"replies":[{"embeddable":true,"href":"https:\/\/notiissa.mx\/index.php?rest_route=%2Fwp%2Fv2%2Fcomments&post=88655"}],"version-history":[{"count":1,"href":"https:\/\/notiissa.mx\/index.php?rest_route=\/wp\/v2\/posts\/88655\/revisions"}],"predecessor-version":[{"id":88657,"href":"https:\/\/notiissa.mx\/index.php?rest_route=\/wp\/v2\/posts\/88655\/revisions\/88657"}],"wp:featuredmedia":[{"embeddable":true,"href":"https:\/\/notiissa.mx\/index.php?rest_route=\/wp\/v2\/media\/88656"}],"wp:attachment":[{"href":"https:\/\/notiissa.mx\/index.php?rest_route=%2Fwp%2Fv2%2Fmedia&parent=88655"}],"wp:term":[{"taxonomy":"category","embeddable":true,"href":"https:\/\/notiissa.mx\/index.php?rest_route=%2Fwp%2Fv2%2Fcategories&post=88655"},{"taxonomy":"post_tag","embeddable":true,"href":"https:\/\/notiissa.mx\/index.php?rest_route=%2Fwp%2Fv2%2Ftags&post=88655"}],"curies":[{"name":"wp","href":"https:\/\/api.w.org\/{rel}","templated":true}]}}