{"id":88646,"date":"2026-01-20T11:24:23","date_gmt":"2026-01-20T18:24:23","guid":{"rendered":"https:\/\/notiissa.mx\/?p=88646"},"modified":"2026-01-20T11:24:23","modified_gmt":"2026-01-20T18:24:23","slug":"anuncia-uach-congreso-internacional-de-neurociencias","status":"publish","type":"post","link":"https:\/\/notiissa.mx\/?p=88646","title":{"rendered":"Anuncia UACH Congreso Internacional de \u00abNeurociencias\u00bb"},"content":{"rendered":"<p><strong>Chihuahua.-<\/strong> Anuncia la UACH, II Congreso Internacional \u00abNeurociencias, Ense\u00f1anza y Aprendizaje: un puente en construcci\u00f3n\u00bb, los d\u00edas 12, 13 y 14 de marzo de 2026, en modalidad presencial y virtual.<\/p>\n<p>Este encuentro acad\u00e9mico reunir\u00e1 a especialistas nacionales e internacionales, quienes analizar\u00e1n desde una perspectiva interdisciplinaria los aportes de las neurociencias a los procesos de ense\u00f1anza-aprendizaje, as\u00ed como su impacto en la formaci\u00f3n de recursos humanos, la pr\u00e1ctica docente y la innovaci\u00f3n educativa.<\/p>\n<p>El programa contempla la participaci\u00f3n de ponentes de alto prestigio, entre ellos la doctora Tracey Tokuhama-Espinosa, profesora de la Universidad de Harvard y referente mundial en neurociencia educativa; el doctor Hern\u00e1n Javier Aldana Marcos, pionero hispanoamericano en el campo de la neuroeducaci\u00f3n; el doctor Eduardo Calixto, destacado neurocient\u00edfico mexicano; la doctora Diana Lorena, investigadora en ciencias biom\u00e9dicas con reconocimiento internacional; as\u00ed como el doctor Jos\u00e9 L\u00f3pez Loya y el licenciado Jes\u00fas Loya, especialistas en educaci\u00f3n, investigaci\u00f3n y neuroentrenamiento.<\/p>\n<p>Las modalidades de participaci\u00f3n incluyen asistencia presencial y virtual, adem\u00e1s de la presentaci\u00f3n de ponencias, carteles acad\u00e9micos y talleres, lo que permitir\u00e1 una interacci\u00f3n din\u00e1mica entre docentes, investigadores, profesionales de la salud, estudiantes y p\u00fablico interesado en el estudio del aprendizaje desde un enfoque cient\u00edfico y humanista.<\/p>\n<p>Las inscripciones estar\u00e1n abiertas desde la publicaci\u00f3n de la convocatoria y hasta el 5 de febrero de 2026. El registro, as\u00ed como la informaci\u00f3n detallada del evento, se encuentran disponibles a trav\u00e9s del c\u00f3digo QR oficial del congreso.<\/p>\n<p>El Comit\u00e9 Organizador destac\u00f3 que este espacio acad\u00e9mico busca tender puentes entre el conocimiento neurocient\u00edfico y las pr\u00e1cticas educativas, promoviendo el uso de evidencia cient\u00edfica para fortalecer los procesos de ense\u00f1anza-aprendizaje en diversos contextos formativos y profesionales.<\/p>\n","protected":false},"excerpt":{"rendered":"<p>Chihuahua.- Anuncia la UACH, II Congreso Internacional \u00abNeurociencias, Ense\u00f1anza y Aprendizaje: un puente en construcci\u00f3n\u00bb, los d\u00edas 12, 13 y 14 de marzo de 2026, en modalidad presencial y virtual. Este encuentro acad\u00e9mico reunir\u00e1 a especialistas nacionales e internacionales, quienes analizar\u00e1n desde una perspectiva interdisciplinaria los aportes de las neurociencias a los procesos de ense\u00f1anza-aprendizaje, [&hellip;]<\/p>\n","protected":false},"author":1,"featured_media":88647,"comment_status":"closed","ping_status":"open","sticky":false,"template":"","format":"standard","meta":{"rop_custom_images_group":[],"rop_custom_messages_group":[],"rop_publish_now":"initial","rop_publish_now_accounts":[],"rop_publish_now_history":[],"rop_publish_now_status":"pending","footnotes":""},"categories":[68,67,64,72],"tags":[23],"class_list":["post-88646","post","type-post","status-publish","format-standard","has-post-thumbnail","hentry","category-ciencia-tec","category-ciudad","category-educacion","category-estado","tag-destacado"],"_links":{"self":[{"href":"https:\/\/notiissa.mx\/index.php?rest_route=\/wp\/v2\/posts\/88646","targetHints":{"allow":["GET"]}}],"collection":[{"href":"https:\/\/notiissa.mx\/index.php?rest_route=\/wp\/v2\/posts"}],"about":[{"href":"https:\/\/notiissa.mx\/index.php?rest_route=\/wp\/v2\/types\/post"}],"author":[{"embeddable":true,"href":"https:\/\/notiissa.mx\/index.php?rest_route=\/wp\/v2\/users\/1"}],"replies":[{"embeddable":true,"href":"https:\/\/notiissa.mx\/index.php?rest_route=%2Fwp%2Fv2%2Fcomments&post=88646"}],"version-history":[{"count":1,"href":"https:\/\/notiissa.mx\/index.php?rest_route=\/wp\/v2\/posts\/88646\/revisions"}],"predecessor-version":[{"id":88648,"href":"https:\/\/notiissa.mx\/index.php?rest_route=\/wp\/v2\/posts\/88646\/revisions\/88648"}],"wp:featuredmedia":[{"embeddable":true,"href":"https:\/\/notiissa.mx\/index.php?rest_route=\/wp\/v2\/media\/88647"}],"wp:attachment":[{"href":"https:\/\/notiissa.mx\/index.php?rest_route=%2Fwp%2Fv2%2Fmedia&parent=88646"}],"wp:term":[{"taxonomy":"category","embeddable":true,"href":"https:\/\/notiissa.mx\/index.php?rest_route=%2Fwp%2Fv2%2Fcategories&post=88646"},{"taxonomy":"post_tag","embeddable":true,"href":"https:\/\/notiissa.mx\/index.php?rest_route=%2Fwp%2Fv2%2Ftags&post=88646"}],"curies":[{"name":"wp","href":"https:\/\/api.w.org\/{rel}","templated":true}]}}