{"id":88633,"date":"2026-01-20T10:30:24","date_gmt":"2026-01-20T17:30:24","guid":{"rendered":"https:\/\/notiissa.mx\/?p=88633"},"modified":"2026-01-20T10:30:24","modified_gmt":"2026-01-20T17:30:24","slug":"rechaza-pri-nombramiento-de-garduno-en-la-sep","status":"publish","type":"post","link":"https:\/\/notiissa.mx\/?p=88633","title":{"rendered":"Rechaza PRI nombramiento de Gardu\u00f1o en la SEP"},"content":{"rendered":"<p><strong>Chihuahua.-<\/strong> Arturo Medina, coordinador de los diputados del PRI en el Congreso local, calific\u00f3 como aberrante el nombramiento de Francisco Gardu\u00f1o, extitular del Instituto Nacional de Migraci\u00f3n, como director general de Centros de Formaci\u00f3n para el Trabajo de la Secretar\u00eda de Educaci\u00f3n P\u00fablica.<\/p>\n<p>El legislador se\u00f1al\u00f3 que Gardu\u00f1o goza de impunidad pese a su m\u00e1xima responsabilidad en la muerte de 40 migrantes que fueron calcinados en un centro de detenci\u00f3n en Ciudad Ju\u00e1rez en 2023.<\/p>\n<p>Medina indic\u00f3 que el hecho de que hoy Gardu\u00f1o sea incorporado a una alta responsabilidad en el Gobierno Federal deja en evidencia el afecto de la 4T por la impunidad y el amiguismo como forma de gobernar.<\/p>\n<p>\u201cEl r\u00e9gimen decidi\u00f3 solapar, encubrir y darle poder a pol\u00edticos negligentes e insensibles, en lugar de dar justicia a las v\u00edctimas y a la comunidad internacional que se vio lastimada por las omisiones criminales de Gardu\u00f1o; eso nos dice lo que son realmente\u201d, enfatiz\u00f3 el priista.<\/p>\n<p>El coordinador parlamentario lament\u00f3 que la presidenta Claudia Sheinbaum siga vi\u00e9ndose afectada por la sed de poder del obradorismo, que contin\u00faa ganando terreno en su gobierno y que poco a poco la deja sin poder real en su administraci\u00f3n.<\/p>\n<p>\u201cOjal\u00e1 que la presidenta no se d\u00e9 cuenta demasiado tarde de que le est\u00e1n quitando el mando poco a poco y que, al ceder a estas incorporaciones nocivas, contribuye al desgaste de su imagen\u201d, finaliz\u00f3.<\/p>\n","protected":false},"excerpt":{"rendered":"<p>Chihuahua.- Arturo Medina, coordinador de los diputados del PRI en el Congreso local, calific\u00f3 como aberrante el nombramiento de Francisco Gardu\u00f1o, extitular del Instituto Nacional de Migraci\u00f3n, como director general de Centros de Formaci\u00f3n para el Trabajo de la Secretar\u00eda de Educaci\u00f3n P\u00fablica. El legislador se\u00f1al\u00f3 que Gardu\u00f1o goza de impunidad pese a su m\u00e1xima [&hellip;]<\/p>\n","protected":false},"author":1,"featured_media":88634,"comment_status":"closed","ping_status":"open","sticky":false,"template":"","format":"standard","meta":{"rop_custom_images_group":[],"rop_custom_messages_group":[],"rop_publish_now":"initial","rop_publish_now_accounts":[],"rop_publish_now_history":[],"rop_publish_now_status":"pending","footnotes":""},"categories":[67,72],"tags":[23],"class_list":["post-88633","post","type-post","status-publish","format-standard","has-post-thumbnail","hentry","category-ciudad","category-estado","tag-destacado"],"_links":{"self":[{"href":"https:\/\/notiissa.mx\/index.php?rest_route=\/wp\/v2\/posts\/88633","targetHints":{"allow":["GET"]}}],"collection":[{"href":"https:\/\/notiissa.mx\/index.php?rest_route=\/wp\/v2\/posts"}],"about":[{"href":"https:\/\/notiissa.mx\/index.php?rest_route=\/wp\/v2\/types\/post"}],"author":[{"embeddable":true,"href":"https:\/\/notiissa.mx\/index.php?rest_route=\/wp\/v2\/users\/1"}],"replies":[{"embeddable":true,"href":"https:\/\/notiissa.mx\/index.php?rest_route=%2Fwp%2Fv2%2Fcomments&post=88633"}],"version-history":[{"count":1,"href":"https:\/\/notiissa.mx\/index.php?rest_route=\/wp\/v2\/posts\/88633\/revisions"}],"predecessor-version":[{"id":88635,"href":"https:\/\/notiissa.mx\/index.php?rest_route=\/wp\/v2\/posts\/88633\/revisions\/88635"}],"wp:featuredmedia":[{"embeddable":true,"href":"https:\/\/notiissa.mx\/index.php?rest_route=\/wp\/v2\/media\/88634"}],"wp:attachment":[{"href":"https:\/\/notiissa.mx\/index.php?rest_route=%2Fwp%2Fv2%2Fmedia&parent=88633"}],"wp:term":[{"taxonomy":"category","embeddable":true,"href":"https:\/\/notiissa.mx\/index.php?rest_route=%2Fwp%2Fv2%2Fcategories&post=88633"},{"taxonomy":"post_tag","embeddable":true,"href":"https:\/\/notiissa.mx\/index.php?rest_route=%2Fwp%2Fv2%2Ftags&post=88633"}],"curies":[{"name":"wp","href":"https:\/\/api.w.org\/{rel}","templated":true}]}}