{"id":88624,"date":"2026-01-19T13:06:45","date_gmt":"2026-01-19T20:06:45","guid":{"rendered":"https:\/\/notiissa.mx\/?p=88624"},"modified":"2026-01-19T13:06:45","modified_gmt":"2026-01-19T20:06:45","slug":"llama-pan-al-verde-a-rechazar-la-reforma-electoral","status":"publish","type":"post","link":"https:\/\/notiissa.mx\/?p=88624","title":{"rendered":"Llama PAN al Verde a rechazar la reforma electoral"},"content":{"rendered":"<p><strong>Por Silvia Madrid A.\u00a0<\/strong><\/p>\n<hr \/>\n<p><strong>Chihuahua.-<\/strong> El diputado Alfredo Ch\u00e1vez coordinador del grupo parlamentario del PAN hizo un llamado al partido Verde a no avalar la reforma electoral de Morena que quiere centralizar la democracia y ni la quiere ni la exige el pueblo.<\/p>\n<p>Dijo que la mayor\u00eda que tiene Morena en la C\u00e1mara es artificial y abusona formada desde el poder y no tiene la mayor\u00eda. Reiter\u00f3 que no es cierto que la reforma electoral parte de una necesidad popular sino que Morena quiere colapsar el sistema electoral mexicano.<\/p>\n<p>La ha llamado Ley Maduro porque viene a colapsar a los organismos electorales y a desaparecer los oples y el PAN estar\u00e1 en contra y la combatir\u00e1.<\/p>\n<p>Consider\u00f3 Alfredo Ch\u00e1vez que es una ley que nace desde el poder y no desde la sociedad, y ratifica el desorden que hay al interior de Morena. \u201cEs un retroceso y estaremos a la altura de las circunstancias\u201d, dijo.<\/p>\n<p>En el tema de seguridad destac\u00f3 la coordinaci\u00f3n que hay entre la gobernadora y la presidenta, est\u00e1 \u00faltima ha dejado atr\u00e1s la estrategia de abrazos y no balazos y Chihuahua le sigue invirtiendo a la seguridad.<\/p>\n<p>En el Congreso del estado se realizan las entrevistas a los aspirantes a encabezar la Comisi\u00f3n estatal de Derechos Humanos y al respecto expres\u00f3 el panista el llamado a todas las fracciones a llegar a un consenso porque ninguna tiene la mayor\u00eda, a llegar a acuerdos.<\/p>\n","protected":false},"excerpt":{"rendered":"<p>Por Silvia Madrid A.\u00a0 Chihuahua.- El diputado Alfredo Ch\u00e1vez coordinador del grupo parlamentario del PAN hizo un llamado al partido Verde a no avalar la reforma electoral de Morena que quiere centralizar la democracia y ni la quiere ni la exige el pueblo. Dijo que la mayor\u00eda que tiene Morena en la C\u00e1mara es artificial [&hellip;]<\/p>\n","protected":false},"author":1,"featured_media":88625,"comment_status":"closed","ping_status":"open","sticky":false,"template":"","format":"standard","meta":{"rop_custom_images_group":[],"rop_custom_messages_group":[],"rop_publish_now":"initial","rop_publish_now_accounts":[],"rop_publish_now_history":[],"rop_publish_now_status":"pending","footnotes":""},"categories":[67,72],"tags":[23],"class_list":["post-88624","post","type-post","status-publish","format-standard","has-post-thumbnail","hentry","category-ciudad","category-estado","tag-destacado"],"_links":{"self":[{"href":"https:\/\/notiissa.mx\/index.php?rest_route=\/wp\/v2\/posts\/88624","targetHints":{"allow":["GET"]}}],"collection":[{"href":"https:\/\/notiissa.mx\/index.php?rest_route=\/wp\/v2\/posts"}],"about":[{"href":"https:\/\/notiissa.mx\/index.php?rest_route=\/wp\/v2\/types\/post"}],"author":[{"embeddable":true,"href":"https:\/\/notiissa.mx\/index.php?rest_route=\/wp\/v2\/users\/1"}],"replies":[{"embeddable":true,"href":"https:\/\/notiissa.mx\/index.php?rest_route=%2Fwp%2Fv2%2Fcomments&post=88624"}],"version-history":[{"count":1,"href":"https:\/\/notiissa.mx\/index.php?rest_route=\/wp\/v2\/posts\/88624\/revisions"}],"predecessor-version":[{"id":88626,"href":"https:\/\/notiissa.mx\/index.php?rest_route=\/wp\/v2\/posts\/88624\/revisions\/88626"}],"wp:featuredmedia":[{"embeddable":true,"href":"https:\/\/notiissa.mx\/index.php?rest_route=\/wp\/v2\/media\/88625"}],"wp:attachment":[{"href":"https:\/\/notiissa.mx\/index.php?rest_route=%2Fwp%2Fv2%2Fmedia&parent=88624"}],"wp:term":[{"taxonomy":"category","embeddable":true,"href":"https:\/\/notiissa.mx\/index.php?rest_route=%2Fwp%2Fv2%2Fcategories&post=88624"},{"taxonomy":"post_tag","embeddable":true,"href":"https:\/\/notiissa.mx\/index.php?rest_route=%2Fwp%2Fv2%2Ftags&post=88624"}],"curies":[{"name":"wp","href":"https:\/\/api.w.org\/{rel}","templated":true}]}}